{"id":54597,"date":"2025-02-21T17:05:55","date_gmt":"2025-02-21T17:05:55","guid":{"rendered":"https:\/\/todoapulmon-rafaela.com\/?p=54597"},"modified":"2025-02-21T17:05:55","modified_gmt":"2025-02-21T17:05:55","slug":"gran-exito-en-la-segunda-bicicleteada-del-ano","status":"publish","type":"post","link":"https:\/\/todoapulmon-rafaela.com\/index.php\/2025\/02\/21\/gran-exito-en-la-segunda-bicicleteada-del-ano\/","title":{"rendered":"Gran \u00e9xito en la segunda bicicleteada del a\u00f1o"},"content":{"rendered":"<div id=\"m#msg-f:1824683823176321358-content\" class=\"mail-message-content collapsible zoom-normal mail-show-images \">\n<div class=\"clear\">\n<div>\n<div>\n<div>\n<p dir=\"ltr\">En el marco de las actividades de verano, se realiz\u00f3 la segunda bicicleteada del a\u00f1o. Esta iniciativa de movilidad activa y sustentable, se ha convertido en una pol\u00edtica p\u00fablica distinguida\u00a0 en la agenda estival, que la ciudadan\u00eda valora con su participaci\u00f3n.<\/p>\n<p dir=\"ltr\"><img loading=\"lazy\" decoding=\"async\" class=\"alignnone size-full wp-image-54598\" src=\"https:\/\/todoapulmon-rafaela.com\/wp-content\/uploads\/2025\/02\/bici-1.jpg\" alt=\"\" width=\"1600\" height=\"1066\" srcset=\"https:\/\/todoapulmon-rafaela.com\/wp-content\/uploads\/2025\/02\/bici-1.jpg 1600w, https:\/\/todoapulmon-rafaela.com\/wp-content\/uploads\/2025\/02\/bici-1-300x200.jpg 300w, https:\/\/todoapulmon-rafaela.com\/wp-content\/uploads\/2025\/02\/bici-1-1536x1023.jpg 1536w\" sizes=\"(max-width: 1600px) 100vw, 1600px\" \/><\/p>\n<p dir=\"ltr\">En un clima de mucha alegr\u00eda, y con muy buena predisposici\u00f3n de todos los asistentes el recorrido de 8 kil\u00f3metros comenz\u00f3 a las 20:30, y tuvo una duraci\u00f3n de una hora aproximadamente con salida y llegada en la Plaza 25 de Mayo.<\/p>\n<p dir=\"ltr\">La Municipalidad de Rafaela y el Instituto para el Desarrollo Sustentable llevaron adelante este recorrido recreativo, con el acompa\u00f1amiento del grupo \u00abLos Picantes\u00bb,\u00a0 que anim\u00f3 todo el trayecto. Y en esta oportunidad, en el contexto de la \u00e9poca de Carnaval, se convoc\u00f3 a la batucada Base Trentahuen, para que sorprenda a los ciclistas con una presentaci\u00f3n a mitad del recorrido. Fue un momento de mucho entusiasmo y ritmo, que le dio color al momento.<\/p>\n<p dir=\"ltr\">El director del IDSR, Enrique Soffietti, destac\u00f3: \u201cEsta noche alrededor de 300 personas de todas las edades, se acercaron con sus bicicletas a la Plaza 25 de Mayo para realizar este recorrido por las calles de la ciudad, valorando esta propuesta que se realiza cada verano, disfrutando del aire libre y la actividad f\u00edsica\u201d.<\/p>\n<p dir=\"ltr\">Javier de Los Picantes, cont\u00f3: \u201cLas bicicleteadas se ponen cada vez m\u00e1s lindas, la gente viene porque le gusta la actividad, porque disfrutan del recorrido con amigos y familias, y eso es bueno porque se genera un momento de encuentro, pero sobre todo porque se fomenta el uso de la bicicleta en la ciudad, se suman personas para usar la bicicleta como actividad f\u00edsica o como medio de transporte\u201d.<\/p>\n<p dir=\"ltr\">Luego de la recorrida tuvo lugar una clase de estiramiento para los ciclistas y finalmente se realizaron sorteos entre todos los participantes, gracias a los aportes realizados por Bici Peretti y Casa Delma.<\/p>\n<p dir=\"ltr\">El Gobierno municipal le agradece a todas las \u00e1reas involucradas y al personal municipal por la colaboraci\u00f3n prestada para el correcto desarrollo de la actividad. Fundamentalmente, a todas las familias, grupos ciclistas y aficionados a la pr\u00e1ctica de este deporte por sumarse y participar.<\/p>\n<\/div>\n<\/div>\n<\/div>\n<\/div>\n<\/div>\n","protected":false},"excerpt":{"rendered":"<p>En el marco de las actividades de verano, se realiz\u00f3 la segunda bicicleteada del a\u00f1o. Esta iniciativa de movilidad activa<\/p>\n","protected":false},"author":2,"featured_media":54599,"comment_status":"closed","ping_status":"closed","sticky":false,"template":"","format":"standard","meta":{"footnotes":""},"categories":[4,24],"tags":[],"class_list":["post-54597","post","type-post","status-publish","format-standard","has-post-thumbnail","hentry","category-ciclismo","category-noticias-destacadas"],"cc_featured_image_caption":{"caption_text":"PRENSA MUNICIPALIDAD ","source_text":"","source_url":""},"_links":{"self":[{"href":"https:\/\/todoapulmon-rafaela.com\/index.php\/wp-json\/wp\/v2\/posts\/54597"}],"collection":[{"href":"https:\/\/todoapulmon-rafaela.com\/index.php\/wp-json\/wp\/v2\/posts"}],"about":[{"href":"https:\/\/todoapulmon-rafaela.com\/index.php\/wp-json\/wp\/v2\/types\/post"}],"author":[{"embeddable":true,"href":"https:\/\/todoapulmon-rafaela.com\/index.php\/wp-json\/wp\/v2\/users\/2"}],"replies":[{"embeddable":true,"href":"https:\/\/todoapulmon-rafaela.com\/index.php\/wp-json\/wp\/v2\/comments?post=54597"}],"version-history":[{"count":1,"href":"https:\/\/todoapulmon-rafaela.com\/index.php\/wp-json\/wp\/v2\/posts\/54597\/revisions"}],"predecessor-version":[{"id":54600,"href":"https:\/\/todoapulmon-rafaela.com\/index.php\/wp-json\/wp\/v2\/posts\/54597\/revisions\/54600"}],"wp:featuredmedia":[{"embeddable":true,"href":"https:\/\/todoapulmon-rafaela.com\/index.php\/wp-json\/wp\/v2\/media\/54599"}],"wp:attachment":[{"href":"https:\/\/todoapulmon-rafaela.com\/index.php\/wp-json\/wp\/v2\/media?parent=54597"}],"wp:term":[{"taxonomy":"category","embeddable":true,"href":"https:\/\/todoapulmon-rafaela.com\/index.php\/wp-json\/wp\/v2\/categories?post=54597"},{"taxonomy":"post_tag","embeddable":true,"href":"https:\/\/todoapulmon-rafaela.com\/index.php\/wp-json\/wp\/v2\/tags?post=54597"}],"curies":[{"name":"wp","href":"https:\/\/api.w.org\/{rel}","templated":true}]}}