{"id":5459,"date":"2017-03-31T12:03:21","date_gmt":"2017-03-31T12:03:21","guid":{"rendered":"http:\/\/todoapulmon-rafaela.com\/?p=5459"},"modified":"2017-03-31T12:03:21","modified_gmt":"2017-03-31T12:03:21","slug":"crar-recibe-a-banco","status":"publish","type":"post","link":"https:\/\/todoapulmon-rafaela.com\/index.php\/2017\/03\/31\/crar-recibe-a-banco\/","title":{"rendered":"CRAR recibe a Banco"},"content":{"rendered":"<p class=\"western\">Este s\u00e1bado se disputar\u00e1 la tercera fecha del torneo \u00abCarlos Mar\u00edn\u00bb de damas de primera divisi\u00f3n de la Asociaci\u00f3n Santafesina de Hockey. En nuestra ciudad, CRAR estar\u00e1 recibiendo a Banco, uno de los equipos que aspiran a pelear por el t\u00edtulo.<\/p>\n<p class=\"western\">La actividad en el sint\u00e9tico comenzar\u00e1 a las 10 horas con Sub 14, luego a las 11 lo har\u00e1n en Sub 16, 12.15 en Sub 12, 13.30 en Sub 18; 15 en reserva y 16.30 en primera divisi\u00f3n.<\/p>\n<p class=\"western\">En esta fecha jugar\u00e1n adem\u00e1s Universitario &#8211; A. Franck; La Salle &#8211; Santa Fe RC; El Quill\u00e1 &#8211; CRAI y Alma Juniors &#8211; Col\u00f3n.<\/p>\n<p class=\"western\">El equipo rafaelino tiene pendiente el compromiso de la segunda fecha ante Col\u00f3n de Santa Fe, postergado por la disputa del Regional D. Recordemos que en la jornada inaugural igual\u00f3 2 a 2 ante Universitario.<\/p>\n<p class=\"western\">Por otra parte, cabe mencionar que el domingo se realizar\u00e1 el Encuentro de Infantiles en el predio de la Ruta 70.<\/p>\n<p class=\"western\">\n","protected":false},"excerpt":{"rendered":"<p>Este s\u00e1bado se disputar\u00e1 la tercera fecha del torneo \u00abCarlos Mar\u00edn\u00bb de damas de primera divisi\u00f3n de la Asociaci\u00f3n Santafesina<\/p>\n","protected":false},"author":2,"featured_media":5460,"comment_status":"open","ping_status":"open","sticky":false,"template":"","format":"standard","meta":{"footnotes":""},"categories":[3,24],"tags":[],"class_list":["post-5459","post","type-post","status-publish","format-standard","has-post-thumbnail","hentry","category-hockey","category-noticias-destacadas"],"cc_featured_image_caption":{"caption_text":"El Verde se enfocar\u00e1 nuevamente en el torneo de la ASH luego del Regional D.","source_text":"","source_url":""},"_links":{"self":[{"href":"https:\/\/todoapulmon-rafaela.com\/index.php\/wp-json\/wp\/v2\/posts\/5459"}],"collection":[{"href":"https:\/\/todoapulmon-rafaela.com\/index.php\/wp-json\/wp\/v2\/posts"}],"about":[{"href":"https:\/\/todoapulmon-rafaela.com\/index.php\/wp-json\/wp\/v2\/types\/post"}],"author":[{"embeddable":true,"href":"https:\/\/todoapulmon-rafaela.com\/index.php\/wp-json\/wp\/v2\/users\/2"}],"replies":[{"embeddable":true,"href":"https:\/\/todoapulmon-rafaela.com\/index.php\/wp-json\/wp\/v2\/comments?post=5459"}],"version-history":[{"count":1,"href":"https:\/\/todoapulmon-rafaela.com\/index.php\/wp-json\/wp\/v2\/posts\/5459\/revisions"}],"predecessor-version":[{"id":5461,"href":"https:\/\/todoapulmon-rafaela.com\/index.php\/wp-json\/wp\/v2\/posts\/5459\/revisions\/5461"}],"wp:featuredmedia":[{"embeddable":true,"href":"https:\/\/todoapulmon-rafaela.com\/index.php\/wp-json\/wp\/v2\/media\/5460"}],"wp:attachment":[{"href":"https:\/\/todoapulmon-rafaela.com\/index.php\/wp-json\/wp\/v2\/media?parent=5459"}],"wp:term":[{"taxonomy":"category","embeddable":true,"href":"https:\/\/todoapulmon-rafaela.com\/index.php\/wp-json\/wp\/v2\/categories?post=5459"},{"taxonomy":"post_tag","embeddable":true,"href":"https:\/\/todoapulmon-rafaela.com\/index.php\/wp-json\/wp\/v2\/tags?post=5459"}],"curies":[{"name":"wp","href":"https:\/\/api.w.org\/{rel}","templated":true}]}}