{"id":54577,"date":"2025-02-20T12:58:09","date_gmt":"2025-02-20T12:58:09","guid":{"rendered":"https:\/\/todoapulmon-rafaela.com\/?p=54577"},"modified":"2025-02-20T12:58:09","modified_gmt":"2025-02-20T12:58:09","slug":"los-21k-de-este-ano-seran-el-7-de-septiembre","status":"publish","type":"post","link":"https:\/\/todoapulmon-rafaela.com\/index.php\/2025\/02\/20\/los-21k-de-este-ano-seran-el-7-de-septiembre\/","title":{"rendered":"Los 21k de este a\u00f1o ser\u00e1n el 7 de septiembre"},"content":{"rendered":"<p>La Subsecretar\u00eda de Deportes de la Municipalidad de Rafaela ya estipul\u00f3 la fecha para los 21k de 2025, con la suficiente antelaci\u00f3n para organizaci\u00f3n de los runners. Ser\u00e1 el 7 de septiembre, repitiendo ese mes para el desarrollo de uno de los eventos deportivos m\u00e1s importantes del a\u00f1o para la ciudad.<\/p>\n<p>Tal como lo hab\u00eda expresado en su momento el Subsecretario Hugo Morel, la idea es seguir jerarquizando la prueba. Cabe mencionar que la Confederaci\u00f3n Argentina de Atletismo est\u00e1 supervisando este a\u00f1o el calendario de carreras de calle, obviamente con los circuitos homologados, que Rafaela lo cuenta, para tener un mejor control de las marcas de los protagonistas.<\/p>\n<p>&nbsp;<\/p>\n","protected":false},"excerpt":{"rendered":"<p>La Subsecretar\u00eda de Deportes de la Municipalidad de Rafaela ya estipul\u00f3 la fecha para los 21k de 2025, con la<\/p>\n","protected":false},"author":2,"featured_media":54578,"comment_status":"closed","ping_status":"closed","sticky":false,"template":"","format":"standard","meta":{"footnotes":""},"categories":[7,24],"tags":[],"class_list":["post-54577","post","type-post","status-publish","format-standard","has-post-thumbnail","hentry","category-atletismo","category-noticias-destacadas"],"cc_featured_image_caption":{"caption_text":"","source_text":"","source_url":""},"_links":{"self":[{"href":"https:\/\/todoapulmon-rafaela.com\/index.php\/wp-json\/wp\/v2\/posts\/54577"}],"collection":[{"href":"https:\/\/todoapulmon-rafaela.com\/index.php\/wp-json\/wp\/v2\/posts"}],"about":[{"href":"https:\/\/todoapulmon-rafaela.com\/index.php\/wp-json\/wp\/v2\/types\/post"}],"author":[{"embeddable":true,"href":"https:\/\/todoapulmon-rafaela.com\/index.php\/wp-json\/wp\/v2\/users\/2"}],"replies":[{"embeddable":true,"href":"https:\/\/todoapulmon-rafaela.com\/index.php\/wp-json\/wp\/v2\/comments?post=54577"}],"version-history":[{"count":1,"href":"https:\/\/todoapulmon-rafaela.com\/index.php\/wp-json\/wp\/v2\/posts\/54577\/revisions"}],"predecessor-version":[{"id":54579,"href":"https:\/\/todoapulmon-rafaela.com\/index.php\/wp-json\/wp\/v2\/posts\/54577\/revisions\/54579"}],"wp:featuredmedia":[{"embeddable":true,"href":"https:\/\/todoapulmon-rafaela.com\/index.php\/wp-json\/wp\/v2\/media\/54578"}],"wp:attachment":[{"href":"https:\/\/todoapulmon-rafaela.com\/index.php\/wp-json\/wp\/v2\/media?parent=54577"}],"wp:term":[{"taxonomy":"category","embeddable":true,"href":"https:\/\/todoapulmon-rafaela.com\/index.php\/wp-json\/wp\/v2\/categories?post=54577"},{"taxonomy":"post_tag","embeddable":true,"href":"https:\/\/todoapulmon-rafaela.com\/index.php\/wp-json\/wp\/v2\/tags?post=54577"}],"curies":[{"name":"wp","href":"https:\/\/api.w.org\/{rel}","templated":true}]}}