{"id":54525,"date":"2025-02-17T14:01:31","date_gmt":"2025-02-17T14:01:31","guid":{"rendered":"https:\/\/todoapulmon-rafaela.com\/?p=54525"},"modified":"2025-02-17T14:01:31","modified_gmt":"2025-02-17T14:01:31","slug":"se-viene-la-segunda-bicicleteada-del-ano-2","status":"publish","type":"post","link":"https:\/\/todoapulmon-rafaela.com\/index.php\/2025\/02\/17\/se-viene-la-segunda-bicicleteada-del-ano-2\/","title":{"rendered":"Se viene la segunda bicicleteada del a\u00f1o"},"content":{"rendered":"<div id=\"m_-53954081443932081834620ecdf-7bf8-4efa-b8cf-29d5bcf4d840\">Las bicicleteadas tienen como objetivo promover y fomentar el uso de la bicicleta como medio de transporte ecol\u00f3gico, saludable y econ\u00f3mico. Son un espacio de disfrute para los ciclistas experimentados, y un modo de sumar nuevos ciclistas. Son una oportunidad de convocar a la ciudadan\u00eda para que participe de una actividad diferente y motivadora, que promueve h\u00e1bitos de vida saludables y positivos.<\/div>\n<div id=\"m_-53954081443932081834620ecdf-7bf8-4efa-b8cf-29d5bcf4d840\"><\/div>\n<div id=\"m_-53954081443932081834620ecdf-7bf8-4efa-b8cf-29d5bcf4d840\">En ese contexto, el Instituto para el Desarrollo Sustentable de Rafaela acompa\u00f1ado por la Subsecretar\u00eda de Deportes y Recreaci\u00f3n, contin\u00faan llevando adelante las bicicleteadas nocturnas que permiten a vecinos y vecinas recorrer las ciclov\u00edas y ciclocarriles de la ciudad.<\/div>\n<div id=\"m_-53954081443932081834620ecdf-7bf8-4efa-b8cf-29d5bcf4d840\"><\/div>\n<div id=\"m_-53954081443932081834620ecdf-7bf8-4efa-b8cf-29d5bcf4d840\">Esta oportunidad es la segunda del a\u00f1o y se llevar\u00e1 a cabo el jueves 20 de febrero a partir de las 20:30, con salida y llegada en la Plaza 25 de Mayo.<\/div>\n<div id=\"m_-53954081443932081834620ecdf-7bf8-4efa-b8cf-29d5bcf4d840\"><\/div>\n<div id=\"m_-53954081443932081834620ecdf-7bf8-4efa-b8cf-29d5bcf4d840\">El recorrido de 10 kil\u00f3metros estar\u00e1 acompa\u00f1ado por el grupo Los Picantes, tendr\u00e1 una duraci\u00f3n de aproximadamente una hora y se realizar\u00e1 con\u00a0 ritmo moderado para que pueda participar toda la familia.<\/div>\n<div id=\"m_-53954081443932081834620ecdf-7bf8-4efa-b8cf-29d5bcf4d840\"><\/div>\n<div id=\"m_-53954081443932081834620ecdf-7bf8-4efa-b8cf-29d5bcf4d840\">Una vez finalizado el recorrido, se realizar\u00e1 una clase de estiramiento y tambi\u00e9n los habituales sorteos con una bicicleta SLP como premio principal.<\/div>\n<div id=\"m_-53954081443932081834620ecdf-7bf8-4efa-b8cf-29d5bcf4d840\"><\/div>\n<div id=\"m_-53954081443932081834620ecdf-7bf8-4efa-b8cf-29d5bcf4d840\">El evento es de car\u00e1cter gratuito y no requiere inscripci\u00f3n previa. Recordamos a los participantes llevar agua y repelente. En caso del clima el evento se suspender\u00e1.<\/div>\n<div id=\"m_-53954081443932081834620ecdf-7bf8-4efa-b8cf-29d5bcf4d840\"><\/div>\n<div id=\"m_-53954081443932081834620ecdf-7bf8-4efa-b8cf-29d5bcf4d840\">Las bicicleteadas cuentan con la colaboraci\u00f3n de diversas \u00e1reas municipales, involucradas para que el evento sea una verdadera fiesta.<\/div>\n<div id=\"m_-53954081443932081834620ecdf-7bf8-4efa-b8cf-29d5bcf4d840\"><\/div>\n<div id=\"m_-53954081443932081834620ecdf-7bf8-4efa-b8cf-29d5bcf4d840\">Esta iniciativa adem\u00e1s de responder a los ejes de trabajo del IDSR, est\u00e1 en sinton\u00eda con los Objetivos de Desarrollo Sostenible propuestos por la ONU: salud y bienestar (ODS 3), ciudades y comunidades sostenible (ODS 11), acci\u00f3n por el clima (ODS 13).<\/div>\n","protected":false},"excerpt":{"rendered":"<p>Las bicicleteadas tienen como objetivo promover y fomentar el uso de la bicicleta como medio de transporte ecol\u00f3gico, saludable y<\/p>\n","protected":false},"author":2,"featured_media":54526,"comment_status":"closed","ping_status":"closed","sticky":false,"template":"","format":"standard","meta":{"footnotes":""},"categories":[4,24],"tags":[],"class_list":["post-54525","post","type-post","status-publish","format-standard","has-post-thumbnail","hentry","category-ciclismo","category-noticias-destacadas"],"cc_featured_image_caption":{"caption_text":"PRENSA MUNICIPALIDAD","source_text":"","source_url":""},"_links":{"self":[{"href":"https:\/\/todoapulmon-rafaela.com\/index.php\/wp-json\/wp\/v2\/posts\/54525"}],"collection":[{"href":"https:\/\/todoapulmon-rafaela.com\/index.php\/wp-json\/wp\/v2\/posts"}],"about":[{"href":"https:\/\/todoapulmon-rafaela.com\/index.php\/wp-json\/wp\/v2\/types\/post"}],"author":[{"embeddable":true,"href":"https:\/\/todoapulmon-rafaela.com\/index.php\/wp-json\/wp\/v2\/users\/2"}],"replies":[{"embeddable":true,"href":"https:\/\/todoapulmon-rafaela.com\/index.php\/wp-json\/wp\/v2\/comments?post=54525"}],"version-history":[{"count":1,"href":"https:\/\/todoapulmon-rafaela.com\/index.php\/wp-json\/wp\/v2\/posts\/54525\/revisions"}],"predecessor-version":[{"id":54527,"href":"https:\/\/todoapulmon-rafaela.com\/index.php\/wp-json\/wp\/v2\/posts\/54525\/revisions\/54527"}],"wp:featuredmedia":[{"embeddable":true,"href":"https:\/\/todoapulmon-rafaela.com\/index.php\/wp-json\/wp\/v2\/media\/54526"}],"wp:attachment":[{"href":"https:\/\/todoapulmon-rafaela.com\/index.php\/wp-json\/wp\/v2\/media?parent=54525"}],"wp:term":[{"taxonomy":"category","embeddable":true,"href":"https:\/\/todoapulmon-rafaela.com\/index.php\/wp-json\/wp\/v2\/categories?post=54525"},{"taxonomy":"post_tag","embeddable":true,"href":"https:\/\/todoapulmon-rafaela.com\/index.php\/wp-json\/wp\/v2\/tags?post=54525"}],"curies":[{"name":"wp","href":"https:\/\/api.w.org\/{rel}","templated":true}]}}