{"id":54471,"date":"2025-02-13T16:03:40","date_gmt":"2025-02-13T16:03:40","guid":{"rendered":"https:\/\/todoapulmon-rafaela.com\/?p=54471"},"modified":"2025-02-13T16:03:40","modified_gmt":"2025-02-13T16:03:40","slug":"el-argentino-de-ruta-para-menores-y-junior-en-junin","status":"publish","type":"post","link":"https:\/\/todoapulmon-rafaela.com\/index.php\/2025\/02\/13\/el-argentino-de-ruta-para-menores-y-junior-en-junin\/","title":{"rendered":"El Argentino de Ruta para Menores y Junior en Jun\u00edn"},"content":{"rendered":"<p>Los Campeonatos Argentinos de ruta para Menores y Junior se realizar\u00e1n en la ciudad bonaerense de Jun\u00edn entre el 21 y el 23 de marzo, inform\u00f3 la Federaci\u00f3n Argentina.<\/p>\n<p>Los mismos se realizar\u00e1n en el aut\u00f3dromo Eusebio Marcilla de la mencionada localidad.<\/p>\n<p>Es motivo de reconocimiento a toda la Asociaci\u00f3n Ciclista Juninense, quien en pocas horas tom\u00f3 el desaf\u00edo y se hizo cargo de la organizaci\u00f3n del evento que se desarrollar\u00e1 los d\u00edas 21, 22 y 23 de Marzo.<\/p>\n<p>Desde la Federaci\u00f3n Argentina de Ciclismo de Pista y Ruta resaltaron el agradecimiento a las autoridades de la Federaci\u00f3n Ciclista Cordobesa, quienes estuvieron interesados en realizar el evento en Cosqu\u00edn y tambi\u00e9n a Fabi\u00e1n Barrientos, quien para la fecha en cuesti\u00f3n, ten\u00eda programada una prueba para junior en La Pampa, la cual finalmente no contar\u00e1 con la presencia de esa categor\u00eda.<\/p>\n<p>En los pr\u00f3ximos d\u00edas se publicar\u00e1n el reglamento del certamen y el programa de competencias, incluir\u00e1 pruebas de contrarreloj y pelot\u00f3n.<\/p>\n","protected":false},"excerpt":{"rendered":"<p>Los Campeonatos Argentinos de ruta para Menores y Junior se realizar\u00e1n en la ciudad bonaerense de Jun\u00edn entre el 21<\/p>\n","protected":false},"author":2,"featured_media":54472,"comment_status":"closed","ping_status":"closed","sticky":false,"template":"","format":"standard","meta":{"footnotes":""},"categories":[4,24],"tags":[],"class_list":["post-54471","post","type-post","status-publish","format-standard","has-post-thumbnail","hentry","category-ciclismo","category-noticias-destacadas"],"cc_featured_image_caption":{"caption_text":"Vista del aut\u00f3dromo juninense.","source_text":"","source_url":""},"_links":{"self":[{"href":"https:\/\/todoapulmon-rafaela.com\/index.php\/wp-json\/wp\/v2\/posts\/54471"}],"collection":[{"href":"https:\/\/todoapulmon-rafaela.com\/index.php\/wp-json\/wp\/v2\/posts"}],"about":[{"href":"https:\/\/todoapulmon-rafaela.com\/index.php\/wp-json\/wp\/v2\/types\/post"}],"author":[{"embeddable":true,"href":"https:\/\/todoapulmon-rafaela.com\/index.php\/wp-json\/wp\/v2\/users\/2"}],"replies":[{"embeddable":true,"href":"https:\/\/todoapulmon-rafaela.com\/index.php\/wp-json\/wp\/v2\/comments?post=54471"}],"version-history":[{"count":1,"href":"https:\/\/todoapulmon-rafaela.com\/index.php\/wp-json\/wp\/v2\/posts\/54471\/revisions"}],"predecessor-version":[{"id":54473,"href":"https:\/\/todoapulmon-rafaela.com\/index.php\/wp-json\/wp\/v2\/posts\/54471\/revisions\/54473"}],"wp:featuredmedia":[{"embeddable":true,"href":"https:\/\/todoapulmon-rafaela.com\/index.php\/wp-json\/wp\/v2\/media\/54472"}],"wp:attachment":[{"href":"https:\/\/todoapulmon-rafaela.com\/index.php\/wp-json\/wp\/v2\/media?parent=54471"}],"wp:term":[{"taxonomy":"category","embeddable":true,"href":"https:\/\/todoapulmon-rafaela.com\/index.php\/wp-json\/wp\/v2\/categories?post=54471"},{"taxonomy":"post_tag","embeddable":true,"href":"https:\/\/todoapulmon-rafaela.com\/index.php\/wp-json\/wp\/v2\/tags?post=54471"}],"curies":[{"name":"wp","href":"https:\/\/api.w.org\/{rel}","templated":true}]}}