{"id":54458,"date":"2025-02-13T02:10:06","date_gmt":"2025-02-13T02:10:06","guid":{"rendered":"https:\/\/todoapulmon-rafaela.com\/?p=54458"},"modified":"2025-02-13T02:10:06","modified_gmt":"2025-02-13T02:10:06","slug":"nutrido-grupo-de-basquetbolistas-de-la-arb-a-un-campus-de-desarrollo-cab-en-santa-fe","status":"publish","type":"post","link":"https:\/\/todoapulmon-rafaela.com\/index.php\/2025\/02\/13\/nutrido-grupo-de-basquetbolistas-de-la-arb-a-un-campus-de-desarrollo-cab-en-santa-fe\/","title":{"rendered":"Nutrido grupo de basquetbolistas de la ARB a un Campus de Desarrollo CAB en Santa Fe"},"content":{"rendered":"<p>Un total de 14 basquetbolistas de distintos clubes de la ARB estar\u00e1 siendo parte este fin de semana en Santa Fe de un Campus de Desarrollo dirigido a chicos y chicas de las categor\u00edas U17.<\/p>\n<p>Esta actividad est\u00e1 destinado a jugadores de las categor\u00edas 2008 y 2009 de ambas ramas, donde se estuvieron desarrollando experiencias similares en los \u00faltimos d\u00edas en C\u00f3rdoba y San Francisco.<\/p>\n<p>Se trata de un Campus de Observaci\u00f3n Deportivo y Biotipo de Jugadores que contar\u00e1 con la presencia de los miembros de la CABB Sebasti\u00e1n Rodr\u00edguez, Yonathan Rodr\u00edguez, Mariano Marcos, Hern\u00e1n Tetamanti y Leonardo Guti\u00e9rrez.<\/p>\n<p>La ARB inform\u00f3 la convocatoria de:<\/p>\n<p>Ana Tapia (Independiente de Ataliva), Sof\u00eda Baccile (Independiente de Ataliva), Martina Andrek (Independiente de Ataliva), Josefina Marengo (Uni\u00f3n de Sunchales), Sof\u00eda Rosso (Libertad de Sunchales), Liz Cepeda (Libertad de Sunchales), Agostina Galliani (Sportivo Ben Hur) y Francisca Canello (ex Libertad, actualmente en Obras Basket), por la rama femenina.<\/p>\n<p>Benjam\u00edn Taborda (9 de Julio), Federico Boero (Libertad de Sunchales), Alejo Villarreal (Libertad de Sunchales), Gino Gramaglia (Sportivo Ben Hur), Antonio Calcabrini (Atl\u00e9tico de Rafaela), Baltazar Gribaudo (Atl\u00e9tico de Rafaela), Valentino Massi (Atl\u00e9tico de Rafaela), participar\u00e1n por la rama masculina.<\/p>\n<p>El viernes las actividades se desarrollar\u00e1n en el Estadio de Gimnasia y Esgrima de Santa Fe, desde las 9.45 horas. En tanto, el s\u00e1bado todo se llevar\u00e1 a cabo en las instalaciones de Uni\u00f3n de Santa Fe, en doble turno: 9.45 y 16.45 horas.<\/p>\n","protected":false},"excerpt":{"rendered":"<p>Un total de 14 basquetbolistas de distintos clubes de la ARB estar\u00e1 siendo parte este fin de semana en Santa<\/p>\n","protected":false},"author":2,"featured_media":54459,"comment_status":"closed","ping_status":"closed","sticky":false,"template":"","format":"standard","meta":{"footnotes":""},"categories":[5,24],"tags":[],"class_list":["post-54458","post","type-post","status-publish","format-standard","has-post-thumbnail","hentry","category-basquet","category-noticias-destacadas"],"cc_featured_image_caption":{"caption_text":"En el inicio de esta semana, el staff CAB trabaj\u00f3 en San Francisco.","source_text":"","source_url":""},"_links":{"self":[{"href":"https:\/\/todoapulmon-rafaela.com\/index.php\/wp-json\/wp\/v2\/posts\/54458"}],"collection":[{"href":"https:\/\/todoapulmon-rafaela.com\/index.php\/wp-json\/wp\/v2\/posts"}],"about":[{"href":"https:\/\/todoapulmon-rafaela.com\/index.php\/wp-json\/wp\/v2\/types\/post"}],"author":[{"embeddable":true,"href":"https:\/\/todoapulmon-rafaela.com\/index.php\/wp-json\/wp\/v2\/users\/2"}],"replies":[{"embeddable":true,"href":"https:\/\/todoapulmon-rafaela.com\/index.php\/wp-json\/wp\/v2\/comments?post=54458"}],"version-history":[{"count":1,"href":"https:\/\/todoapulmon-rafaela.com\/index.php\/wp-json\/wp\/v2\/posts\/54458\/revisions"}],"predecessor-version":[{"id":54460,"href":"https:\/\/todoapulmon-rafaela.com\/index.php\/wp-json\/wp\/v2\/posts\/54458\/revisions\/54460"}],"wp:featuredmedia":[{"embeddable":true,"href":"https:\/\/todoapulmon-rafaela.com\/index.php\/wp-json\/wp\/v2\/media\/54459"}],"wp:attachment":[{"href":"https:\/\/todoapulmon-rafaela.com\/index.php\/wp-json\/wp\/v2\/media?parent=54458"}],"wp:term":[{"taxonomy":"category","embeddable":true,"href":"https:\/\/todoapulmon-rafaela.com\/index.php\/wp-json\/wp\/v2\/categories?post=54458"},{"taxonomy":"post_tag","embeddable":true,"href":"https:\/\/todoapulmon-rafaela.com\/index.php\/wp-json\/wp\/v2\/tags?post=54458"}],"curies":[{"name":"wp","href":"https:\/\/api.w.org\/{rel}","templated":true}]}}