{"id":54452,"date":"2025-02-12T16:29:10","date_gmt":"2025-02-12T16:29:10","guid":{"rendered":"https:\/\/todoapulmon-rafaela.com\/?p=54452"},"modified":"2025-02-12T16:29:10","modified_gmt":"2025-02-12T16:29:10","slug":"representantes-de-runnea-destacados-en-santa-fe","status":"publish","type":"post","link":"https:\/\/todoapulmon-rafaela.com\/index.php\/2025\/02\/12\/representantes-de-runnea-destacados-en-santa-fe\/","title":{"rendered":"Representantes de Runnea destacados en Santa Fe"},"content":{"rendered":"<p>El s\u00e1bado 8 se realiz\u00f3 la tercera edici\u00f3n de la prueba<strong>\u00a0Santa Fe Corre<\/strong>\u00a0<strong>por tu Coraz\u00f3n<\/strong>\u00a0en la Costanera Oeste de la capital provincial. Con este evento deportivo, todos los a\u00f1os la Fundaci\u00f3n de Cardiopat\u00edas Cong\u00e9nitas busca concientizar sobre esta enfermedad, su detecci\u00f3n temprana y sus tratamientos.<\/p>\n<p>Dos representantes del grupo Runnea de nuestra ciudad tuvieron meritorias performances en distintas distancias.<\/p>\n<p><img loading=\"lazy\" decoding=\"async\" class=\"alignnone size-full wp-image-54454\" src=\"https:\/\/todoapulmon-rafaela.com\/wp-content\/uploads\/2025\/02\/IMG-20250212-WA0003.jpg\" alt=\"\" width=\"1528\" height=\"1528\" srcset=\"https:\/\/todoapulmon-rafaela.com\/wp-content\/uploads\/2025\/02\/IMG-20250212-WA0003.jpg 1528w, https:\/\/todoapulmon-rafaela.com\/wp-content\/uploads\/2025\/02\/IMG-20250212-WA0003-300x300.jpg 300w, https:\/\/todoapulmon-rafaela.com\/wp-content\/uploads\/2025\/02\/IMG-20250212-WA0003-1500x1500.jpg 1500w, https:\/\/todoapulmon-rafaela.com\/wp-content\/uploads\/2025\/02\/IMG-20250212-WA0003-150x150.jpg 150w\" sizes=\"(max-width: 1528px) 100vw, 1528px\" \/><\/p>\n<p>Leandro Agust\u00edn Donna fue el ganador de la general en 4 kil\u00f3metros con un tiempo de 15m 19s, mientras que Yicela Aguirre fue cuarta en la general femenina de 8k con 40m 28s, obteniendo el primer puesto en su categor\u00eda.<\/p>\n","protected":false},"excerpt":{"rendered":"<p>El s\u00e1bado 8 se realiz\u00f3 la tercera edici\u00f3n de la prueba\u00a0Santa Fe Corre\u00a0por tu Coraz\u00f3n\u00a0en la Costanera Oeste de la<\/p>\n","protected":false},"author":2,"featured_media":54453,"comment_status":"closed","ping_status":"closed","sticky":false,"template":"","format":"standard","meta":{"footnotes":""},"categories":[7,24],"tags":[],"class_list":["post-54452","post","type-post","status-publish","format-standard","has-post-thumbnail","hentry","category-atletismo","category-noticias-destacadas"],"cc_featured_image_caption":{"caption_text":"","source_text":"","source_url":""},"_links":{"self":[{"href":"https:\/\/todoapulmon-rafaela.com\/index.php\/wp-json\/wp\/v2\/posts\/54452"}],"collection":[{"href":"https:\/\/todoapulmon-rafaela.com\/index.php\/wp-json\/wp\/v2\/posts"}],"about":[{"href":"https:\/\/todoapulmon-rafaela.com\/index.php\/wp-json\/wp\/v2\/types\/post"}],"author":[{"embeddable":true,"href":"https:\/\/todoapulmon-rafaela.com\/index.php\/wp-json\/wp\/v2\/users\/2"}],"replies":[{"embeddable":true,"href":"https:\/\/todoapulmon-rafaela.com\/index.php\/wp-json\/wp\/v2\/comments?post=54452"}],"version-history":[{"count":1,"href":"https:\/\/todoapulmon-rafaela.com\/index.php\/wp-json\/wp\/v2\/posts\/54452\/revisions"}],"predecessor-version":[{"id":54455,"href":"https:\/\/todoapulmon-rafaela.com\/index.php\/wp-json\/wp\/v2\/posts\/54452\/revisions\/54455"}],"wp:featuredmedia":[{"embeddable":true,"href":"https:\/\/todoapulmon-rafaela.com\/index.php\/wp-json\/wp\/v2\/media\/54453"}],"wp:attachment":[{"href":"https:\/\/todoapulmon-rafaela.com\/index.php\/wp-json\/wp\/v2\/media?parent=54452"}],"wp:term":[{"taxonomy":"category","embeddable":true,"href":"https:\/\/todoapulmon-rafaela.com\/index.php\/wp-json\/wp\/v2\/categories?post=54452"},{"taxonomy":"post_tag","embeddable":true,"href":"https:\/\/todoapulmon-rafaela.com\/index.php\/wp-json\/wp\/v2\/tags?post=54452"}],"curies":[{"name":"wp","href":"https:\/\/api.w.org\/{rel}","templated":true}]}}