{"id":54426,"date":"2025-02-11T11:03:46","date_gmt":"2025-02-11T11:03:46","guid":{"rendered":"https:\/\/todoapulmon-rafaela.com\/?p=54426"},"modified":"2025-02-11T11:03:46","modified_gmt":"2025-02-11T11:03:46","slug":"valiosa-experiencia-en-el-campus-dar","status":"publish","type":"post","link":"https:\/\/todoapulmon-rafaela.com\/index.php\/2025\/02\/11\/valiosa-experiencia-en-el-campus-dar\/","title":{"rendered":"Valiosa experiencia en el Campus DAR"},"content":{"rendered":"<p>Tras seis jornadas de actividad, donde los 278 atletas y 80 entrenadores de 36 disciplinas convencionales y adaptadas realizaron entrenamientos, recibieron capacitaciones, asistieron a charlas de referentes del deporte argentino y se realizaron testeos f\u00edsicos, finaliz\u00f3 el Campus DAR 2025 en el CeNARD que fue organizado por la Subsecretar\u00eda de Deportes de la Naci\u00f3n, el ENARD y el Comit\u00e9 Ol\u00edmpico Argentino.<\/p>\n<p>Nuestra ciudad estuvo representada por los ciclistas Julia Lambert y Federico Dalmasso, junto al entrenador del Club Ciclista de Rafaela y la selecci\u00f3n nacional, Daniel Capella.<\/p>\n<p>En el marco del cierre del Campus, Jose \u201cMaligno\u201d Torres, medalla dorada en BMX Freestyle en los Juegos Ol\u00edmpicos de Par\u00eds 2024, comparti\u00f3 una charla con los j\u00f3venes atletas que participaron del campamento que se extendi\u00f3 durante seis d\u00edas y tuvo al Centro Nacional de Alto Rendimiento Deportivo como epicentro.<\/p>\n<p><img loading=\"lazy\" decoding=\"async\" class=\"alignnone size-full wp-image-54432\" src=\"https:\/\/todoapulmon-rafaela.com\/wp-content\/uploads\/2025\/02\/IMG-20250211-WA0028.jpg\" alt=\"\" width=\"1200\" height=\"1600\" srcset=\"https:\/\/todoapulmon-rafaela.com\/wp-content\/uploads\/2025\/02\/IMG-20250211-WA0028.jpg 1200w, https:\/\/todoapulmon-rafaela.com\/wp-content\/uploads\/2025\/02\/IMG-20250211-WA0028-225x300.jpg 225w, https:\/\/todoapulmon-rafaela.com\/wp-content\/uploads\/2025\/02\/IMG-20250211-WA0028-1125x1500.jpg 1125w, https:\/\/todoapulmon-rafaela.com\/wp-content\/uploads\/2025\/02\/IMG-20250211-WA0028-1152x1536.jpg 1152w\" sizes=\"(max-width: 1200px) 100vw, 1200px\" \/><\/p>\n<p>\u201cMaligno\u201d comparti\u00f3 una charla con los participantes del campus, en la que respondi\u00f3 a sus preguntas y les dej\u00f3 su mensaje de cara a los desaf\u00edos del alto rendimiento: \u201cEn este camino a ser deportistas hay muchas cosas en las que ustedes se van a tener que sacrificar, van a tener que tomar riesgos o decisiones y eso es parte del proceso al alto rendimiento\u201d.<\/p>\n<p>\u201cQuiero agradecer al ENARD y la Subsecretar\u00eda de Deportes por haber organizado que es fundamental para todos los chicos que est\u00e1n en pleno proceso para ser el futuro de nuestro deporte. Es muy lindo verlos compartir entre todos los deportes, es un aprendizaje que va a ser fundamental hacia pr\u00f3ximos objetivos, as\u00ed que muy agradecido de la invitaci\u00f3n\u201d, sintetiz\u00f3 Torres, reciente subcampe\u00f3n del mundo en Abu Dabi.<\/p>\n<p><img loading=\"lazy\" decoding=\"async\" class=\"alignnone size-full wp-image-54433\" src=\"https:\/\/todoapulmon-rafaela.com\/wp-content\/uploads\/2025\/02\/IMG-20250211-WA0009-scaled.jpg\" alt=\"\" width=\"1920\" height=\"2560\" srcset=\"https:\/\/todoapulmon-rafaela.com\/wp-content\/uploads\/2025\/02\/IMG-20250211-WA0009-scaled.jpg 1920w, https:\/\/todoapulmon-rafaela.com\/wp-content\/uploads\/2025\/02\/IMG-20250211-WA0009-225x300.jpg 225w, https:\/\/todoapulmon-rafaela.com\/wp-content\/uploads\/2025\/02\/IMG-20250211-WA0009-1125x1500.jpg 1125w, https:\/\/todoapulmon-rafaela.com\/wp-content\/uploads\/2025\/02\/IMG-20250211-WA0009-1152x1536.jpg 1152w, https:\/\/todoapulmon-rafaela.com\/wp-content\/uploads\/2025\/02\/IMG-20250211-WA0009-1536x2048.jpg 1536w\" sizes=\"(max-width: 1920px) 100vw, 1920px\" \/><\/p>\n<p>El III\u00b0 Campus Educativo de la Fase I del Programa de DAR se llev\u00f3 a cabo del 3 al 8 de febrero y cont\u00f3 con la participaci\u00f3n de atletas provenientes de las 23 provincias de la Argentina y de la Ciudad de Buenos Aires que buscan integrar los equipos argentinos en los Juegos Panamericanos y Parapanamericanos Juveniles de 2025 y que fueron seleccionados luego de una evaluaci\u00f3n de 1.300 j\u00f3venes en todo el pa\u00eds.<\/p>\n<div style=\"width: 478px;\" class=\"wp-video\"><!--[if lt IE 9]><script>document.createElement('video');<\/script><![endif]-->\n<video class=\"wp-video-shortcode\" id=\"video-54426-1\" width=\"478\" height=\"850\" preload=\"metadata\" controls=\"controls\"><source type=\"video\/mp4\" src=\"https:\/\/todoapulmon-rafaela.com\/wp-content\/uploads\/2025\/02\/VID-20250211-WA0017.mp4?_=1\" \/><a href=\"https:\/\/todoapulmon-rafaela.com\/wp-content\/uploads\/2025\/02\/VID-20250211-WA0017.mp4\">https:\/\/todoapulmon-rafaela.com\/wp-content\/uploads\/2025\/02\/VID-20250211-WA0017.mp4<\/a><\/video><\/div>\n<p>Este campamento tuvo como objetivo brindarles herramientas y perfeccionar el trabajo de los atletas y sus entrenadores con dos focos: alimentar las bases del alto rendimiento nacional, con la inclusi\u00f3n por primera vez de disciplinas adaptadas, y seguir trabajando con los atletas que iniciaron su camino a Dakar 2026. Para ello habr\u00e1 entrenamientos, capacitaciones, evaluaciones m\u00e9dicas y charlas con distintas figuras del deporte argentino, entre otras actividades.<\/p>\n","protected":false},"excerpt":{"rendered":"<p>Tras seis jornadas de actividad, donde los 278 atletas y 80 entrenadores de 36 disciplinas convencionales y adaptadas realizaron entrenamientos,<\/p>\n","protected":false},"author":2,"featured_media":54431,"comment_status":"closed","ping_status":"closed","sticky":false,"template":"","format":"standard","meta":{"footnotes":""},"categories":[4,24],"tags":[],"class_list":["post-54426","post","type-post","status-publish","format-standard","has-post-thumbnail","hentry","category-ciclismo","category-noticias-destacadas"],"cc_featured_image_caption":{"caption_text":"","source_text":"","source_url":""},"_links":{"self":[{"href":"https:\/\/todoapulmon-rafaela.com\/index.php\/wp-json\/wp\/v2\/posts\/54426"}],"collection":[{"href":"https:\/\/todoapulmon-rafaela.com\/index.php\/wp-json\/wp\/v2\/posts"}],"about":[{"href":"https:\/\/todoapulmon-rafaela.com\/index.php\/wp-json\/wp\/v2\/types\/post"}],"author":[{"embeddable":true,"href":"https:\/\/todoapulmon-rafaela.com\/index.php\/wp-json\/wp\/v2\/users\/2"}],"replies":[{"embeddable":true,"href":"https:\/\/todoapulmon-rafaela.com\/index.php\/wp-json\/wp\/v2\/comments?post=54426"}],"version-history":[{"count":2,"href":"https:\/\/todoapulmon-rafaela.com\/index.php\/wp-json\/wp\/v2\/posts\/54426\/revisions"}],"predecessor-version":[{"id":54435,"href":"https:\/\/todoapulmon-rafaela.com\/index.php\/wp-json\/wp\/v2\/posts\/54426\/revisions\/54435"}],"wp:featuredmedia":[{"embeddable":true,"href":"https:\/\/todoapulmon-rafaela.com\/index.php\/wp-json\/wp\/v2\/media\/54431"}],"wp:attachment":[{"href":"https:\/\/todoapulmon-rafaela.com\/index.php\/wp-json\/wp\/v2\/media?parent=54426"}],"wp:term":[{"taxonomy":"category","embeddable":true,"href":"https:\/\/todoapulmon-rafaela.com\/index.php\/wp-json\/wp\/v2\/categories?post=54426"},{"taxonomy":"post_tag","embeddable":true,"href":"https:\/\/todoapulmon-rafaela.com\/index.php\/wp-json\/wp\/v2\/tags?post=54426"}],"curies":[{"name":"wp","href":"https:\/\/api.w.org\/{rel}","templated":true}]}}