{"id":54422,"date":"2025-02-10T12:40:11","date_gmt":"2025-02-10T12:40:11","guid":{"rendered":"https:\/\/todoapulmon-rafaela.com\/?p=54422"},"modified":"2025-02-10T12:40:11","modified_gmt":"2025-02-10T12:40:11","slug":"varios-bikers-de-rafaela-viajaron-a-ascochinga","status":"publish","type":"post","link":"https:\/\/todoapulmon-rafaela.com\/index.php\/2025\/02\/10\/varios-bikers-de-rafaela-viajaron-a-ascochinga\/","title":{"rendered":"Varios bikers de Rafaela viajaron a Ascochinga"},"content":{"rendered":"<p>Este domingo se realiz\u00f3 en Ascochinga la primer fecha fecha de la Copa Carlos Paz de mountain bike, con la presencia de bikers rafaelinos.<\/p>\n<p>En varones hubo m\u00e1s de 250 inscriptos en las categor\u00edas competitivas, donde se impuso en la clasificaci\u00f3n general el esperancino Jorge Mathieu con un tiempo de 1h 23m 11s. En damas hubo 34 inscriptas en las competitivas, siendo Paulina Comba, de Villa Carlos Paz, la vencedora en 1h 45m 18s.<\/p>\n<p>De nuestra ciudad, fue ganadora de su categor\u00eda Rosal\u00eda Gentinetta.<\/p>\n<p>Los resultados de las principales performances rafaelinas fueron estas:<br \/>\n<strong>Melani Durando:<\/strong> 2h 03m 19s, 15) en la general y 4) en Damas A.<br \/>\n<strong>Rosal\u00eda Gentinetta:<\/strong> 2h 03m 56s, 16) en la general y 1) en Damas C.<br \/>\n<strong>Ivana Fanfoni (Susana):<\/strong> 2h 23m 04s, 23) en la general y 10) en Damas B.<br \/>\n<strong>Nicol\u00e1s Antorena:<\/strong> 1h 24m 53s, 4) en la general y 3) en Elite.<br \/>\n<strong>Mat\u00edas Dominino:<\/strong> 1h 33m 20s, 42) en la general y 4) en B2.<br \/>\n<strong>Santino Dominino:<\/strong> 1h 37m 45s, 70) en la general y 5) en juveniles.<br \/>\n<strong>Nicol\u00e1s G\u00f3mez:<\/strong> 1h 40m 03s, 88) en la general y 25) en B1.<br \/>\n<strong>Edgardo Rasetto:<\/strong> 1h 40m 14s, 91) en la general y 12) en B2.<br \/>\n<strong>C\u00e9sar Bonetto:<\/strong> 1h 42m 57s, 112) en la general y 12) en C1.<br \/>\n<strong>Julio Sol\u00f3rzano:<\/strong> 1h 44m 56s, 124) en la general y 17) en B2.<br \/>\n<strong>Juan Manuel Roggero:<\/strong> 1h 46m 03s, 133) en la general y 20) en A2.<\/p>\n","protected":false},"excerpt":{"rendered":"<p>Este domingo se realiz\u00f3 en Ascochinga la primer fecha fecha de la Copa Carlos Paz de mountain bike, con la<\/p>\n","protected":false},"author":2,"featured_media":54424,"comment_status":"closed","ping_status":"closed","sticky":false,"template":"","format":"standard","meta":{"footnotes":""},"categories":[4,24],"tags":[],"class_list":["post-54422","post","type-post","status-publish","format-standard","has-post-thumbnail","hentry","category-ciclismo","category-noticias-destacadas"],"cc_featured_image_caption":{"caption_text":"Nicol\u00e1s Antorena (placa 7) fue cuarto en la general y tercero en su categor\u00eda.","source_text":"","source_url":""},"_links":{"self":[{"href":"https:\/\/todoapulmon-rafaela.com\/index.php\/wp-json\/wp\/v2\/posts\/54422"}],"collection":[{"href":"https:\/\/todoapulmon-rafaela.com\/index.php\/wp-json\/wp\/v2\/posts"}],"about":[{"href":"https:\/\/todoapulmon-rafaela.com\/index.php\/wp-json\/wp\/v2\/types\/post"}],"author":[{"embeddable":true,"href":"https:\/\/todoapulmon-rafaela.com\/index.php\/wp-json\/wp\/v2\/users\/2"}],"replies":[{"embeddable":true,"href":"https:\/\/todoapulmon-rafaela.com\/index.php\/wp-json\/wp\/v2\/comments?post=54422"}],"version-history":[{"count":2,"href":"https:\/\/todoapulmon-rafaela.com\/index.php\/wp-json\/wp\/v2\/posts\/54422\/revisions"}],"predecessor-version":[{"id":54425,"href":"https:\/\/todoapulmon-rafaela.com\/index.php\/wp-json\/wp\/v2\/posts\/54422\/revisions\/54425"}],"wp:featuredmedia":[{"embeddable":true,"href":"https:\/\/todoapulmon-rafaela.com\/index.php\/wp-json\/wp\/v2\/media\/54424"}],"wp:attachment":[{"href":"https:\/\/todoapulmon-rafaela.com\/index.php\/wp-json\/wp\/v2\/media?parent=54422"}],"wp:term":[{"taxonomy":"category","embeddable":true,"href":"https:\/\/todoapulmon-rafaela.com\/index.php\/wp-json\/wp\/v2\/categories?post=54422"},{"taxonomy":"post_tag","embeddable":true,"href":"https:\/\/todoapulmon-rafaela.com\/index.php\/wp-json\/wp\/v2\/tags?post=54422"}],"curies":[{"name":"wp","href":"https:\/\/api.w.org\/{rel}","templated":true}]}}