{"id":5441,"date":"2017-03-30T12:01:26","date_gmt":"2017-03-30T12:01:26","guid":{"rendered":"http:\/\/todoapulmon-rafaela.com\/?p=5441"},"modified":"2017-03-30T12:01:26","modified_gmt":"2017-03-30T12:01:26","slug":"los-seis-juveniles-del-crar-en-el-tramo-final-del-argentino","status":"publish","type":"post","link":"https:\/\/todoapulmon-rafaela.com\/index.php\/2017\/03\/30\/los-seis-juveniles-del-crar-en-el-tramo-final-del-argentino\/","title":{"rendered":"Los seis juveniles del CRAR en el tramo final del Argentino"},"content":{"rendered":"<p class=\"x_MsoNormal\"><span lang=\"ES\">Los seis jugadores del C\u00edrculo Rafaelino que forman parte de la lista del seleccionado juvenil de la Uni\u00f3n Santafesina de Rugby fueron citados para el tramo final (\u00abConcentrado\u00bb) del Argentino M18, que se desarrollar\u00e1 en C\u00f3rdoba. Se trata de Octavio Capella, Manuel Mandrille, Andr\u00e9s Passerini, Benjam\u00edn Acosta, Juan Coyne y Tom\u00e1s Lavalle, que viajar\u00e1n junto al combinado de la USR que dirige Diego Colli, este s\u00e1bado a las 7 rumbo a Villa Carlos Paz.<\/span><\/p>\n<p class=\"x_MsoNormal\">El representativo USR, que forma parte del grupo 1 de la Zona Campeonato y perdi\u00f3 con anterioridad ante Buenos Aires (en nuestra ciudad) y Tucum\u00e1n, enfrentar\u00e1 a C\u00f3rdoba el domingo 2 en el primer d\u00eda de competencia y, finalizada la \u2018fase de zonas\u2019, se definir\u00e1n los siguientes rivales, con juegos programados para el mi\u00e9rcoles 5 y s\u00e1bado 8 de abril.<\/p>\n<p class=\"x_MsoNormal\">\n<p class=\"x_MsoNormal\">\n<p class=\"x_MsoNormal\"><span lang=\"ES\">Dicho Campeonato Argentino de Juveniles es organizado por la Uni\u00f3n Argentina de Rugby y cuenta con la participaci\u00f3n de 16 uniones de todo el pa\u00eds, divididas en dos zonas (Campeonato y Ascenso), de ocho cada una.\u00a0<\/span><\/p>\n","protected":false},"excerpt":{"rendered":"<p>Los seis jugadores del C\u00edrculo Rafaelino que forman parte de la lista del seleccionado juvenil de la Uni\u00f3n Santafesina de<\/p>\n","protected":false},"author":2,"featured_media":5442,"comment_status":"open","ping_status":"open","sticky":false,"template":"","format":"standard","meta":{"footnotes":""},"categories":[24,2],"tags":[],"class_list":["post-5441","post","type-post","status-publish","format-standard","has-post-thumbnail","hentry","category-noticias-destacadas","category-rugby"],"cc_featured_image_caption":{"caption_text":"Capella, Mandrille, Passerini (arriba de izq. a der.), Coyne, Lavalle y Acosta (abajo), los integrantes del seleccionado M18. (Foto prensa CRAR).","source_text":"","source_url":""},"_links":{"self":[{"href":"https:\/\/todoapulmon-rafaela.com\/index.php\/wp-json\/wp\/v2\/posts\/5441"}],"collection":[{"href":"https:\/\/todoapulmon-rafaela.com\/index.php\/wp-json\/wp\/v2\/posts"}],"about":[{"href":"https:\/\/todoapulmon-rafaela.com\/index.php\/wp-json\/wp\/v2\/types\/post"}],"author":[{"embeddable":true,"href":"https:\/\/todoapulmon-rafaela.com\/index.php\/wp-json\/wp\/v2\/users\/2"}],"replies":[{"embeddable":true,"href":"https:\/\/todoapulmon-rafaela.com\/index.php\/wp-json\/wp\/v2\/comments?post=5441"}],"version-history":[{"count":1,"href":"https:\/\/todoapulmon-rafaela.com\/index.php\/wp-json\/wp\/v2\/posts\/5441\/revisions"}],"predecessor-version":[{"id":5443,"href":"https:\/\/todoapulmon-rafaela.com\/index.php\/wp-json\/wp\/v2\/posts\/5441\/revisions\/5443"}],"wp:featuredmedia":[{"embeddable":true,"href":"https:\/\/todoapulmon-rafaela.com\/index.php\/wp-json\/wp\/v2\/media\/5442"}],"wp:attachment":[{"href":"https:\/\/todoapulmon-rafaela.com\/index.php\/wp-json\/wp\/v2\/media?parent=5441"}],"wp:term":[{"taxonomy":"category","embeddable":true,"href":"https:\/\/todoapulmon-rafaela.com\/index.php\/wp-json\/wp\/v2\/categories?post=5441"},{"taxonomy":"post_tag","embeddable":true,"href":"https:\/\/todoapulmon-rafaela.com\/index.php\/wp-json\/wp\/v2\/tags?post=5441"}],"curies":[{"name":"wp","href":"https:\/\/api.w.org\/{rel}","templated":true}]}}