{"id":54403,"date":"2025-02-09T13:03:29","date_gmt":"2025-02-09T13:03:29","guid":{"rendered":"https:\/\/todoapulmon-rafaela.com\/?p=54403"},"modified":"2025-02-09T13:03:29","modified_gmt":"2025-02-09T13:03:29","slug":"se-realizo-la-primera-carrera-recreativa-nocturna-con-una-buena-concurrencia","status":"publish","type":"post","link":"https:\/\/todoapulmon-rafaela.com\/index.php\/2025\/02\/09\/se-realizo-la-primera-carrera-recreativa-nocturna-con-una-buena-concurrencia\/","title":{"rendered":"Se realiz\u00f3 la primera Carrera Recreativa Nocturna con una buena concurrencia"},"content":{"rendered":"<p>En el marco del Programa \u00abVerano Juntos\u00bb, en la tardecita de este s\u00e1bado se desarroll\u00f3 la primera Carrera Recreativa Nocturna organizada por la Subsecretar\u00eda de Deportes de la Municipalidad de Rafaela.<\/p>\n<p>El punto de encuentro propuesto fue Estanislao del Campo y Candioti, en la Ciclov\u00eda, donde un muy buen n\u00famero de runners de distintos grupos locales o de manera individual, desafiaron las altas temperaturas para recorrer 5 y 8 kil\u00f3metros.<\/p>\n<div style=\"width: 800px;\" class=\"wp-video\"><!--[if lt IE 9]><script>document.createElement('video');<\/script><![endif]-->\n<video class=\"wp-video-shortcode\" id=\"video-54403-1\" width=\"800\" height=\"450\" preload=\"metadata\" controls=\"controls\"><source type=\"video\/mp4\" src=\"https:\/\/todoapulmon-rafaela.com\/wp-content\/uploads\/2025\/02\/20250208_200039.mp4?_=1\" \/><a href=\"https:\/\/todoapulmon-rafaela.com\/wp-content\/uploads\/2025\/02\/20250208_200039.mp4\">https:\/\/todoapulmon-rafaela.com\/wp-content\/uploads\/2025\/02\/20250208_200039.mp4<\/a><\/video><\/div>\n<p>Para muchos fue un buen entrenamiento de cara a la competencia Sonder, que en pocos d\u00edas se realizar\u00e1 en Rosario. Romano Maza (5k) y Germ\u00e1n Fern\u00e1ndez (8k) a modo de an\u00e9cdota ya que la carrera fue Recreativa, cruzaron en primer t\u00e9rmino la meta.<\/p>\n<p dir=\"ltr\">La jornada tambi\u00e9n tuvo una actividad para los Kids, y naturalmente complementada con puestos para hidrataci\u00f3n, food trucks y m\u00fasica.<\/p>\n<p dir=\"ltr\">Asimismo, entre los asistentes se sortearon los siguientes regalos: dos vouchers 21K 2025; dos vouchers aportados por la empresa Santiago Deportes; diez remeras 21K 2024; y una pelota de f\u00fatbol.<\/p>\n","protected":false},"excerpt":{"rendered":"<p>En el marco del Programa \u00abVerano Juntos\u00bb, en la tardecita de este s\u00e1bado se desarroll\u00f3 la primera Carrera Recreativa Nocturna<\/p>\n","protected":false},"author":2,"featured_media":54405,"comment_status":"closed","ping_status":"closed","sticky":false,"template":"","format":"standard","meta":{"footnotes":""},"categories":[7,24],"tags":[],"class_list":["post-54403","post","type-post","status-publish","format-standard","has-post-thumbnail","hentry","category-atletismo","category-noticias-destacadas"],"cc_featured_image_caption":{"caption_text":"","source_text":"","source_url":""},"_links":{"self":[{"href":"https:\/\/todoapulmon-rafaela.com\/index.php\/wp-json\/wp\/v2\/posts\/54403"}],"collection":[{"href":"https:\/\/todoapulmon-rafaela.com\/index.php\/wp-json\/wp\/v2\/posts"}],"about":[{"href":"https:\/\/todoapulmon-rafaela.com\/index.php\/wp-json\/wp\/v2\/types\/post"}],"author":[{"embeddable":true,"href":"https:\/\/todoapulmon-rafaela.com\/index.php\/wp-json\/wp\/v2\/users\/2"}],"replies":[{"embeddable":true,"href":"https:\/\/todoapulmon-rafaela.com\/index.php\/wp-json\/wp\/v2\/comments?post=54403"}],"version-history":[{"count":2,"href":"https:\/\/todoapulmon-rafaela.com\/index.php\/wp-json\/wp\/v2\/posts\/54403\/revisions"}],"predecessor-version":[{"id":54407,"href":"https:\/\/todoapulmon-rafaela.com\/index.php\/wp-json\/wp\/v2\/posts\/54403\/revisions\/54407"}],"wp:featuredmedia":[{"embeddable":true,"href":"https:\/\/todoapulmon-rafaela.com\/index.php\/wp-json\/wp\/v2\/media\/54405"}],"wp:attachment":[{"href":"https:\/\/todoapulmon-rafaela.com\/index.php\/wp-json\/wp\/v2\/media?parent=54403"}],"wp:term":[{"taxonomy":"category","embeddable":true,"href":"https:\/\/todoapulmon-rafaela.com\/index.php\/wp-json\/wp\/v2\/categories?post=54403"},{"taxonomy":"post_tag","embeddable":true,"href":"https:\/\/todoapulmon-rafaela.com\/index.php\/wp-json\/wp\/v2\/tags?post=54403"}],"curies":[{"name":"wp","href":"https:\/\/api.w.org\/{rel}","templated":true}]}}