{"id":5439,"date":"2017-03-30T11:50:03","date_gmt":"2017-03-30T11:50:03","guid":{"rendered":"http:\/\/todoapulmon-rafaela.com\/?p=5439"},"modified":"2017-03-30T11:50:03","modified_gmt":"2017-03-30T11:50:03","slug":"se-inicia-el-curso-de-arbitros-de-basquet-2","status":"publish","type":"post","link":"https:\/\/todoapulmon-rafaela.com\/index.php\/2017\/03\/30\/se-inicia-el-curso-de-arbitros-de-basquet-2\/","title":{"rendered":"Se inicia el Curso de Arbitros de Basquet"},"content":{"rendered":"<div>La Asociaci\u00f3n Rafaelina de B\u00e1squet informa que los d\u00edas 3 y 8 de abril del corriente a\u00f1o comenzar\u00e1 el curso de \u00e1rbitros de b\u00e1squet a\u00f1o 2017. El mismo es para ambos sexos, de 15 a 24 a\u00f1os de edad, y ser\u00e1 dictado por Ignacio Cantero, quien es Director Regional en Santa Fe de la Confederaci\u00f3n Argentina de B\u00e1squet. Adem\u00e1s, forma parte de la Comisi\u00f3n T\u00e9cnica de la Federaci\u00f3n Santafesina y de los Torneos de la CABB y es Instructor de la Escuela Argentina de \u00c1rbitros de B\u00e1squet.<\/div>\n<div>El inicio de clases est\u00e1 previsto para el lunes 3 de abril a las 19,00 en la sede de la Asociaci\u00f3n Rafaelina (Eduardo Oliver e Intendente Gim\u00e9nez), mientras que el s\u00e1bado 8 a las 10,00 ser\u00e1 el comienzo de la parte pr\u00e1ctica. Las clases ser\u00e1n los lunes y s\u00e1bado cada 15 d\u00edas, tanto en la parte te\u00f3rica como pr\u00e1ctica.<\/div>\n<div>Los objetivos son los siguientes:<\/div>\n<div>\u2013 Inserci\u00f3n del alumno en el arbitraje de Mini en forma inmediata.<\/div>\n<div>\u2013 Conocer la mec\u00e1nica del arbitraje.<\/div>\n<div>\u2013 Conocimiento y aplicaci\u00f3n de las reglas y su esp\u00edritu.<\/div>\n<div>\u2013 Nutrir el plantel de arbitros de Rafaela con personas idoneas y capacitadas.<\/div>\n<div>\u2013 Desarrollar en los jueces valores como el profesionalismo y el respeto.<\/div>\n<div>\u2013 Uso responable de redes sociales.<\/div>\n<div>El curso est\u00e1 dirigido a jugadores, ex jugadores o cualquier persona ligada al deporte y no tiene costo econ\u00f3mico.<\/div>\n","protected":false},"excerpt":{"rendered":"<p>La Asociaci\u00f3n Rafaelina de B\u00e1squet informa que los d\u00edas 3 y 8 de abril del corriente a\u00f1o comenzar\u00e1 el curso<\/p>\n","protected":false},"author":2,"featured_media":5437,"comment_status":"open","ping_status":"open","sticky":false,"template":"","format":"standard","meta":{"footnotes":""},"categories":[5],"tags":[],"class_list":["post-5439","post","type-post","status-publish","format-standard","has-post-thumbnail","hentry","category-basquet"],"cc_featured_image_caption":{"caption_text":"La Asociaci\u00f3n Rafaelina ser\u00e1 sede del Curso.","source_text":"","source_url":""},"_links":{"self":[{"href":"https:\/\/todoapulmon-rafaela.com\/index.php\/wp-json\/wp\/v2\/posts\/5439"}],"collection":[{"href":"https:\/\/todoapulmon-rafaela.com\/index.php\/wp-json\/wp\/v2\/posts"}],"about":[{"href":"https:\/\/todoapulmon-rafaela.com\/index.php\/wp-json\/wp\/v2\/types\/post"}],"author":[{"embeddable":true,"href":"https:\/\/todoapulmon-rafaela.com\/index.php\/wp-json\/wp\/v2\/users\/2"}],"replies":[{"embeddable":true,"href":"https:\/\/todoapulmon-rafaela.com\/index.php\/wp-json\/wp\/v2\/comments?post=5439"}],"version-history":[{"count":1,"href":"https:\/\/todoapulmon-rafaela.com\/index.php\/wp-json\/wp\/v2\/posts\/5439\/revisions"}],"predecessor-version":[{"id":5440,"href":"https:\/\/todoapulmon-rafaela.com\/index.php\/wp-json\/wp\/v2\/posts\/5439\/revisions\/5440"}],"wp:featuredmedia":[{"embeddable":true,"href":"https:\/\/todoapulmon-rafaela.com\/index.php\/wp-json\/wp\/v2\/media\/5437"}],"wp:attachment":[{"href":"https:\/\/todoapulmon-rafaela.com\/index.php\/wp-json\/wp\/v2\/media?parent=5439"}],"wp:term":[{"taxonomy":"category","embeddable":true,"href":"https:\/\/todoapulmon-rafaela.com\/index.php\/wp-json\/wp\/v2\/categories?post=5439"},{"taxonomy":"post_tag","embeddable":true,"href":"https:\/\/todoapulmon-rafaela.com\/index.php\/wp-json\/wp\/v2\/tags?post=5439"}],"curies":[{"name":"wp","href":"https:\/\/api.w.org\/{rel}","templated":true}]}}