{"id":54371,"date":"2025-02-06T20:12:52","date_gmt":"2025-02-06T20:12:52","guid":{"rendered":"https:\/\/todoapulmon-rafaela.com\/?p=54371"},"modified":"2025-02-06T20:24:06","modified_gmt":"2025-02-06T20:24:06","slug":"fue-confirmada-la-continuidad-de-pronotti-como-presidente-de-la-arb","status":"publish","type":"post","link":"https:\/\/todoapulmon-rafaela.com\/index.php\/2025\/02\/06\/fue-confirmada-la-continuidad-de-pronotti-como-presidente-de-la-arb\/","title":{"rendered":"Fue confirmada la continuidad de Pronotti como presidente de la ARB"},"content":{"rendered":"<p>La Asociaci\u00f3n Rafaelina de B\u00e1squetbol inform\u00f3 este jueves la conformaci\u00f3n de su Comisi\u00f3n Directiva para el periodo 2025, con la continuidad de Federico Pronotti como presidente y la mayor\u00eda de los integrantes de la lista que asumiera en 2024, al no presentarse una opci\u00f3n alternativa.<\/p>\n<p>\u00abCon un equipo de trabajo comprometido con el crecimiento y desarrollo del b\u00e1squetbol en nuestra regi\u00f3n\u00bb, tal como expuso en sus redes sociales, la CD qued\u00f3 conformada de la siguiente manera:<\/p>\n<p>Presidente: Federico Pronotti<br \/>\nVicepresidente: Mauricio Kidonakis<br \/>\nSecretario: Enrique Bergesio<br \/>\nProsecretario: Ariel Cecotti<br \/>\nTesorero: Alejandro Tassoni<br \/>\nProtesorero: Roc\u00edo Giraudo<br \/>\nVocales Titulares: Gerardo Corroto, Pablo Ghiano, Claudio Volta, Abel T\u00e9vez, Leonardo Barberis, Lautaro Pronotti<br \/>\nVocales Suplentes: Bruno Zapata, Juan Pablo Leonardi, Javier Fern\u00e1ndez<br \/>\nS\u00edndico Titular: Jos\u00e9 Linares<br \/>\nS\u00edndico Suplente: Fiorela Perin.<\/p>\n<p>De tal modo, en las pr\u00f3ximas semanas se ir\u00e1n definiendo todos los temas inherentes a la puesta en marcha de los torneos, baraj\u00e1ndose para el fin de semana del 8 de marzo el inicio.<\/p>\n","protected":false},"excerpt":{"rendered":"<p>La Asociaci\u00f3n Rafaelina de B\u00e1squetbol inform\u00f3 este jueves la conformaci\u00f3n de su Comisi\u00f3n Directiva para el periodo 2025, con la<\/p>\n","protected":false},"author":2,"featured_media":54374,"comment_status":"closed","ping_status":"closed","sticky":false,"template":"","format":"standard","meta":{"footnotes":""},"categories":[5,24],"tags":[],"class_list":["post-54371","post","type-post","status-publish","format-standard","has-post-thumbnail","hentry","category-basquet","category-noticias-destacadas"],"cc_featured_image_caption":{"caption_text":"Pronotti y Kidonakis, presidente y vice.","source_text":"","source_url":""},"_links":{"self":[{"href":"https:\/\/todoapulmon-rafaela.com\/index.php\/wp-json\/wp\/v2\/posts\/54371"}],"collection":[{"href":"https:\/\/todoapulmon-rafaela.com\/index.php\/wp-json\/wp\/v2\/posts"}],"about":[{"href":"https:\/\/todoapulmon-rafaela.com\/index.php\/wp-json\/wp\/v2\/types\/post"}],"author":[{"embeddable":true,"href":"https:\/\/todoapulmon-rafaela.com\/index.php\/wp-json\/wp\/v2\/users\/2"}],"replies":[{"embeddable":true,"href":"https:\/\/todoapulmon-rafaela.com\/index.php\/wp-json\/wp\/v2\/comments?post=54371"}],"version-history":[{"count":1,"href":"https:\/\/todoapulmon-rafaela.com\/index.php\/wp-json\/wp\/v2\/posts\/54371\/revisions"}],"predecessor-version":[{"id":54373,"href":"https:\/\/todoapulmon-rafaela.com\/index.php\/wp-json\/wp\/v2\/posts\/54371\/revisions\/54373"}],"wp:featuredmedia":[{"embeddable":true,"href":"https:\/\/todoapulmon-rafaela.com\/index.php\/wp-json\/wp\/v2\/media\/54374"}],"wp:attachment":[{"href":"https:\/\/todoapulmon-rafaela.com\/index.php\/wp-json\/wp\/v2\/media?parent=54371"}],"wp:term":[{"taxonomy":"category","embeddable":true,"href":"https:\/\/todoapulmon-rafaela.com\/index.php\/wp-json\/wp\/v2\/categories?post=54371"},{"taxonomy":"post_tag","embeddable":true,"href":"https:\/\/todoapulmon-rafaela.com\/index.php\/wp-json\/wp\/v2\/tags?post=54371"}],"curies":[{"name":"wp","href":"https:\/\/api.w.org\/{rel}","templated":true}]}}