{"id":54354,"date":"2025-02-05T14:54:37","date_gmt":"2025-02-05T14:54:37","guid":{"rendered":"https:\/\/todoapulmon-rafaela.com\/?p=54354"},"modified":"2025-02-05T14:54:37","modified_gmt":"2025-02-05T14:54:37","slug":"verano-continuan-las-actividades-al-aire-libre","status":"publish","type":"post","link":"https:\/\/todoapulmon-rafaela.com\/index.php\/2025\/02\/05\/verano-continuan-las-actividades-al-aire-libre\/","title":{"rendered":"Verano: Contin\u00faan las actividades al aire libre"},"content":{"rendered":"<div>Durante el verano, el municipio le pone color a los d\u00edas gracias a la diversidad de actividades dise\u00f1adas para disfrutar de la temporada estival.<\/div>\n<div><\/div>\n<div>Con el objetivo de fomentar la participaci\u00f3n comunitaria y el bienestar de sus habitantes, distintas propuestas se llevan a cabo en diversos espacios, ofreciendo oportunidades para todas las edades.<\/div>\n<div><\/div>\n<div><strong>Talleres de verano<\/strong><\/div>\n<div>. Zumba al aire libre. Lunes y mi\u00e9rcoles, a las 20:00, en la Plaza Jos\u00e9 Hernandez (Mainardi y Sim\u00f3n de Iriondo, barrio Mart\u00edn Fierro).<\/div>\n<div><\/div>\n<div>. Zumba al aire libre. Lunes y mi\u00e9rcoles, a las 20:00, en la Plaza Dr. Esteban Maradona (Flamignio del Signore y Gral. Lavalle, barrio San Jos\u00e9).<\/div>\n<div><\/div>\n<div>. Zumba al aire libre. Lunes y mi\u00e9rcoles, a las 20:15, en la Plaza de la Bandera (Mart\u00edn Oliver esq. Azcu\u00e9naga, barrio Amancay).<\/div>\n<div><\/div>\n<div>. Zumba al aire libre. Lunes y mi\u00e9rcoles, a las 20:15, en la Plaza Villa Rosas \u00abNormando Corti\u00bb (sobre Santa Rosa, entre La Plata y Barcelona, barrio Villa Rosas).<\/div>\n<div><\/div>\n<div>. Zumba al aire libre. Martes y jueves, a las 20:30, en la Plaza Italia (Edison entre Bolinger y Dest\u00e9fani, barrio Italia).<\/div>\n<div><\/div>\n<div>. Zumba al aire libre. Martes y jueves, a las 20:00, en el Play\u00f3n del F\u00e1tima (C\u00f3rdoba e Intendente Gim\u00e9nez).<\/div>\n<div><\/div>\n<div>. Yoga al aire libre. Lunes a las 18:00 y mi\u00e9rcoles a las 19:00, en la Plaza Indoamericana (Sargento Cabral 1800, barrio Pizzurno).<\/div>\n<div><\/div>\n<div>. Yoga al aire libre. Martes y jueves, a las 10:00 en la Ciclov\u00eda (Av. Estanislao del Campo y A. Fleming, barrio 17 de Octubre).<\/div>\n<div><\/div>\n<div>. Yoga al aire libre. Martes y jueves, a las 18:30 en Plaza Eva Per\u00f3n (Las Heras y Gaboto, barrio Central C\u00f3rdoba).<\/div>\n<div><\/div>\n<div>. Yoga al aire libre. Martes y jueves, a las 14:00 en la Plaza Progreso (B. Lopez y David Mazzi, barrio Mora).<\/div>\n","protected":false},"excerpt":{"rendered":"<p>Durante el verano, el municipio le pone color a los d\u00edas gracias a la diversidad de actividades dise\u00f1adas para disfrutar<\/p>\n","protected":false},"author":2,"featured_media":54355,"comment_status":"closed","ping_status":"closed","sticky":false,"template":"","format":"standard","meta":{"footnotes":""},"categories":[1],"tags":[],"class_list":["post-54354","post","type-post","status-publish","format-standard","has-post-thumbnail","hentry","category-sin-categoria"],"cc_featured_image_caption":{"caption_text":"","source_text":"","source_url":""},"_links":{"self":[{"href":"https:\/\/todoapulmon-rafaela.com\/index.php\/wp-json\/wp\/v2\/posts\/54354"}],"collection":[{"href":"https:\/\/todoapulmon-rafaela.com\/index.php\/wp-json\/wp\/v2\/posts"}],"about":[{"href":"https:\/\/todoapulmon-rafaela.com\/index.php\/wp-json\/wp\/v2\/types\/post"}],"author":[{"embeddable":true,"href":"https:\/\/todoapulmon-rafaela.com\/index.php\/wp-json\/wp\/v2\/users\/2"}],"replies":[{"embeddable":true,"href":"https:\/\/todoapulmon-rafaela.com\/index.php\/wp-json\/wp\/v2\/comments?post=54354"}],"version-history":[{"count":1,"href":"https:\/\/todoapulmon-rafaela.com\/index.php\/wp-json\/wp\/v2\/posts\/54354\/revisions"}],"predecessor-version":[{"id":54356,"href":"https:\/\/todoapulmon-rafaela.com\/index.php\/wp-json\/wp\/v2\/posts\/54354\/revisions\/54356"}],"wp:featuredmedia":[{"embeddable":true,"href":"https:\/\/todoapulmon-rafaela.com\/index.php\/wp-json\/wp\/v2\/media\/54355"}],"wp:attachment":[{"href":"https:\/\/todoapulmon-rafaela.com\/index.php\/wp-json\/wp\/v2\/media?parent=54354"}],"wp:term":[{"taxonomy":"category","embeddable":true,"href":"https:\/\/todoapulmon-rafaela.com\/index.php\/wp-json\/wp\/v2\/categories?post=54354"},{"taxonomy":"post_tag","embeddable":true,"href":"https:\/\/todoapulmon-rafaela.com\/index.php\/wp-json\/wp\/v2\/tags?post=54354"}],"curies":[{"name":"wp","href":"https:\/\/api.w.org\/{rel}","templated":true}]}}