{"id":5432,"date":"2017-03-30T11:34:32","date_gmt":"2017-03-30T11:34:32","guid":{"rendered":"http:\/\/todoapulmon-rafaela.com\/?p=5432"},"modified":"2017-03-30T11:34:32","modified_gmt":"2017-03-30T11:34:32","slug":"marcial-parra-disfruta-y-apunta-al-mundial","status":"publish","type":"post","link":"https:\/\/todoapulmon-rafaela.com\/index.php\/2017\/03\/30\/marcial-parra-disfruta-y-apunta-al-mundial\/","title":{"rendered":"Marcial Parra disfruta y apunta al Mundial"},"content":{"rendered":"<p>Este mi\u00e9rcoles nos visit\u00f3 en Todo a Pulm\u00f3n radio, por FM Unirred, el campe\u00f3n parapanamericano juvenil Marcial Parra, consagrado con el seleccionado argentino de F\u00fatbol 7 PC en los recientes juegos realizados en San Pablo, Brasil.<\/p>\n<p>Durante la nota, acompa\u00f1ado por sus padres Marcelo y Miriam, nos expres\u00f3 su gran alegr\u00eda por el logro alcanzado con el equipo, sobre todo en la final ganada ante Brasil en tiempo suplementario por 2 a 1. El a\u00f1o que viene est\u00e1 previsto el Campeonato Mundial que tendr\u00e1 como sede a Espa\u00f1a y ese ser\u00e1 el pr\u00f3ximo objetivo.<\/p>\n<p>Marcial y su familia han realizado un gran esfuerzo en estos a\u00f1os para poder disfrutar de este presente, con varios viajes a diferentes puntos del pa\u00eds para las concentraciones y el seguimiento de un programa de entrenamiento que dio sus frutos con su inclusi\u00f3n en el equipo de \u00abLos Tigres\u00bb.<\/p>\n<p>Aqu\u00ed el audio de la nota:<\/p>\n<!--[if lt IE 9]><script>document.createElement('audio');<\/script><![endif]-->\n<audio class=\"wp-audio-shortcode\" id=\"audio-5432-1\" preload=\"none\" style=\"width: 100%;\" controls=\"controls\"><source type=\"audio\/mpeg\" src=\"http:\/\/todoapulmon-rafaela.com\/wp-content\/uploads\/2017\/03\/29-3-17-PARRA-MARCIAL.mp3?_=1\" \/><a href=\"http:\/\/todoapulmon-rafaela.com\/wp-content\/uploads\/2017\/03\/29-3-17-PARRA-MARCIAL.mp3\">http:\/\/todoapulmon-rafaela.com\/wp-content\/uploads\/2017\/03\/29-3-17-PARRA-MARCIAL.mp3<\/a><\/audio>\n<p>&nbsp;<\/p>\n","protected":false},"excerpt":{"rendered":"<p>Este mi\u00e9rcoles nos visit\u00f3 en Todo a Pulm\u00f3n radio, por FM Unirred, el campe\u00f3n parapanamericano juvenil Marcial Parra, consagrado con<\/p>\n","protected":false},"author":2,"featured_media":5433,"comment_status":"open","ping_status":"open","sticky":false,"template":"","format":"standard","meta":{"footnotes":""},"categories":[24,32],"tags":[],"class_list":["post-5432","post","type-post","status-publish","format-standard","has-post-thumbnail","hentry","category-noticias-destacadas","category-paralimpicos"],"cc_featured_image_caption":{"caption_text":"Marcial Parra estuvo en los cuatro partidos que jug\u00f3 el seleccionado y convirti\u00f3 un gol en la semifinal.","source_text":"","source_url":""},"_links":{"self":[{"href":"https:\/\/todoapulmon-rafaela.com\/index.php\/wp-json\/wp\/v2\/posts\/5432"}],"collection":[{"href":"https:\/\/todoapulmon-rafaela.com\/index.php\/wp-json\/wp\/v2\/posts"}],"about":[{"href":"https:\/\/todoapulmon-rafaela.com\/index.php\/wp-json\/wp\/v2\/types\/post"}],"author":[{"embeddable":true,"href":"https:\/\/todoapulmon-rafaela.com\/index.php\/wp-json\/wp\/v2\/users\/2"}],"replies":[{"embeddable":true,"href":"https:\/\/todoapulmon-rafaela.com\/index.php\/wp-json\/wp\/v2\/comments?post=5432"}],"version-history":[{"count":1,"href":"https:\/\/todoapulmon-rafaela.com\/index.php\/wp-json\/wp\/v2\/posts\/5432\/revisions"}],"predecessor-version":[{"id":5435,"href":"https:\/\/todoapulmon-rafaela.com\/index.php\/wp-json\/wp\/v2\/posts\/5432\/revisions\/5435"}],"wp:featuredmedia":[{"embeddable":true,"href":"https:\/\/todoapulmon-rafaela.com\/index.php\/wp-json\/wp\/v2\/media\/5433"}],"wp:attachment":[{"href":"https:\/\/todoapulmon-rafaela.com\/index.php\/wp-json\/wp\/v2\/media?parent=5432"}],"wp:term":[{"taxonomy":"category","embeddable":true,"href":"https:\/\/todoapulmon-rafaela.com\/index.php\/wp-json\/wp\/v2\/categories?post=5432"},{"taxonomy":"post_tag","embeddable":true,"href":"https:\/\/todoapulmon-rafaela.com\/index.php\/wp-json\/wp\/v2\/tags?post=5432"}],"curies":[{"name":"wp","href":"https:\/\/api.w.org\/{rel}","templated":true}]}}