{"id":54239,"date":"2025-01-28T14:52:59","date_gmt":"2025-01-28T14:52:59","guid":{"rendered":"https:\/\/todoapulmon-rafaela.com\/?p=54239"},"modified":"2025-01-28T14:52:59","modified_gmt":"2025-01-28T14:52:59","slug":"bicicleteada-por-las-calles-de-la-ciudad-2","status":"publish","type":"post","link":"https:\/\/todoapulmon-rafaela.com\/index.php\/2025\/01\/28\/bicicleteada-por-las-calles-de-la-ciudad-2\/","title":{"rendered":"Bicicleteada por las calles de la ciudad"},"content":{"rendered":"<div id=\"m_-27146913970032052834620ecdf-7bf8-4efa-b8cf-29d5bcf4d840\">Con el objetivo de fomentar la movilidad activa y sustentable, la actividad f\u00edsica, el cuidado de la salud y del ambiente, el Gobierno local llevar\u00e1 adelante una bicicleteada por las calles de la ciudad.<\/div>\n<div id=\"m_-27146913970032052834620ecdf-7bf8-4efa-b8cf-29d5bcf4d840\"><\/div>\n<div id=\"m_-27146913970032052834620ecdf-7bf8-4efa-b8cf-29d5bcf4d840\">Luego de la reprogramaci\u00f3n por cuestiones clim\u00e1ticas, el evento se desarrollar\u00e1 el jueves 30 de enero a partir de las 20:30, con salida y llegada en la Plaza 25 de Mayo (Moreno 8, frente al palacio municipal). Se recorrer\u00e1n 9 kil\u00f3metros aproximadamente, transitando y disfrutando de las ciclov\u00edas y ciclocarriles de la ciudad.<\/div>\n<div id=\"m_-27146913970032052834620ecdf-7bf8-4efa-b8cf-29d5bcf4d840\"><\/div>\n<div id=\"m_-27146913970032052834620ecdf-7bf8-4efa-b8cf-29d5bcf4d840\">Al final del trayecto habr\u00e1 una clase de estiramiento junto a profesionales del municipio y tambi\u00e9n numerosos sorteos con premios de Bicicleter\u00eda Peretti y Casa Delma.<\/div>\n<div id=\"m_-27146913970032052834620ecdf-7bf8-4efa-b8cf-29d5bcf4d840\"><\/div>\n<div id=\"m_-27146913970032052834620ecdf-7bf8-4efa-b8cf-29d5bcf4d840\">La propuesta se extender\u00e1 por una hora, estar\u00e1 acompa\u00f1ada por el grupo ciclista Los Picantes y se realizar\u00e1 a ritmo moderado para que puedan participar grandes y chicos, teniendo presente que es un espacio de encuentro y recreaci\u00f3n para las familias rafaelinas.<\/div>\n<div id=\"m_-27146913970032052834620ecdf-7bf8-4efa-b8cf-29d5bcf4d840\"><\/div>\n<div id=\"m_-27146913970032052834620ecdf-7bf8-4efa-b8cf-29d5bcf4d840\">El evento organizado por el Instituto para el Desarrollo Sustentable, con el acompa\u00f1amiento de la Subsecretar\u00eda de Deportes y la colaboraci\u00f3n de diversas \u00e1reas municipales, es de car\u00e1cter gratuito y no requiere inscripci\u00f3n previa.<\/div>\n<div id=\"m_-27146913970032052834620ecdf-7bf8-4efa-b8cf-29d5bcf4d840\"><\/div>\n<div id=\"m_-27146913970032052834620ecdf-7bf8-4efa-b8cf-29d5bcf4d840\">Se recomienda a los participantes llevar agua y repelente.<\/div>\n","protected":false},"excerpt":{"rendered":"<p>Con el objetivo de fomentar la movilidad activa y sustentable, la actividad f\u00edsica, el cuidado de la salud y del<\/p>\n","protected":false},"author":2,"featured_media":54240,"comment_status":"closed","ping_status":"closed","sticky":false,"template":"","format":"standard","meta":{"footnotes":""},"categories":[4],"tags":[],"class_list":["post-54239","post","type-post","status-publish","format-standard","has-post-thumbnail","hentry","category-ciclismo"],"cc_featured_image_caption":{"caption_text":"FOTO PRENSA MUNICIPALIDAD","source_text":"","source_url":""},"_links":{"self":[{"href":"https:\/\/todoapulmon-rafaela.com\/index.php\/wp-json\/wp\/v2\/posts\/54239"}],"collection":[{"href":"https:\/\/todoapulmon-rafaela.com\/index.php\/wp-json\/wp\/v2\/posts"}],"about":[{"href":"https:\/\/todoapulmon-rafaela.com\/index.php\/wp-json\/wp\/v2\/types\/post"}],"author":[{"embeddable":true,"href":"https:\/\/todoapulmon-rafaela.com\/index.php\/wp-json\/wp\/v2\/users\/2"}],"replies":[{"embeddable":true,"href":"https:\/\/todoapulmon-rafaela.com\/index.php\/wp-json\/wp\/v2\/comments?post=54239"}],"version-history":[{"count":1,"href":"https:\/\/todoapulmon-rafaela.com\/index.php\/wp-json\/wp\/v2\/posts\/54239\/revisions"}],"predecessor-version":[{"id":54241,"href":"https:\/\/todoapulmon-rafaela.com\/index.php\/wp-json\/wp\/v2\/posts\/54239\/revisions\/54241"}],"wp:featuredmedia":[{"embeddable":true,"href":"https:\/\/todoapulmon-rafaela.com\/index.php\/wp-json\/wp\/v2\/media\/54240"}],"wp:attachment":[{"href":"https:\/\/todoapulmon-rafaela.com\/index.php\/wp-json\/wp\/v2\/media?parent=54239"}],"wp:term":[{"taxonomy":"category","embeddable":true,"href":"https:\/\/todoapulmon-rafaela.com\/index.php\/wp-json\/wp\/v2\/categories?post=54239"},{"taxonomy":"post_tag","embeddable":true,"href":"https:\/\/todoapulmon-rafaela.com\/index.php\/wp-json\/wp\/v2\/tags?post=54239"}],"curies":[{"name":"wp","href":"https:\/\/api.w.org\/{rel}","templated":true}]}}