{"id":54236,"date":"2025-01-28T11:11:35","date_gmt":"2025-01-28T11:11:35","guid":{"rendered":"https:\/\/todoapulmon-rafaela.com\/?p=54236"},"modified":"2025-01-28T11:11:35","modified_gmt":"2025-01-28T11:11:35","slug":"no-habra-grand-prix-este-ano-en-argentina-por-falta-de-apoyo","status":"publish","type":"post","link":"https:\/\/todoapulmon-rafaela.com\/index.php\/2025\/01\/28\/no-habra-grand-prix-este-ano-en-argentina-por-falta-de-apoyo\/","title":{"rendered":"No habr\u00e1 Grand Prix este a\u00f1o en Argentina por falta de apoyo"},"content":{"rendered":"<p>La CADA anunci\u00f3 ayer la baja de los Continental Tour Challenger y Bronce 2025. Luego de varios meses de diversas gestiones y ante la confirmaci\u00f3n que no se podr\u00e1 contar con los apoyos necesarios en nuestro pa\u00eds para la presente edici\u00f3n, prevista para los d\u00edas 12, 13 y 15 de marzo, se vio en la obligaci\u00f3n de suspender por este a\u00f1o los torneos internacionales que en forma ininterrumpida viene realizando desde el a\u00f1o 2002.<\/p>\n<p>En un comunicado emitido dentro de sus boletines oficiales, la entidad madre del atletismo argentino expres\u00f3 que \u00abMar del Plata, Rosario, Santa Fe, Ciudad de Buenos Aires y \u00faltimamente Concepci\u00f3n del Uruguay, fueron sede de estos cl\u00e1sicos encuentros internacionales sudamericanos (denominados anteriomente Grand Prix). En los \u00faltimos a\u00f1os crecieron en importancia al otorgarse puntos para el Ranking Mundial, que se utiliza para la clasificaci\u00f3n para los Mundiales y Juegos Ol\u00edmpicos.<br \/>\nDebe recordarse que estos cert\u00e1menes vienen otorgando premios en dinero, que es aportado en buena parte por Atletismo Sudamericano con fondos World Athletics, y tambi\u00e9n estaban confirmados para esta edici\u00f3n.<br \/>\nYa en el a\u00f1o 2024, el deporte tuvo que enfrentar serias dificultades para asumir los compromisos internacionales y el atletismo en especial pudo estar presente con un enorme esfuerzo de la familia atl\u00e9tica. Pero en este a\u00f1o los apoyos para estas competencias no permiten su realizaci\u00f3n\u00bb.<\/p>\n<p>Adem\u00e1s, acot\u00f3 que \u00abya est\u00e1 realizando las gestiones para asegurar la realizaci\u00f3n en el a\u00f1o 2026 y retomar estos tan importantes eventos. La CADA espera anunciar pr\u00f3ximamente la edici\u00f3n 2026 de los Continental Tour World Athletics\u00bb, y tambi\u00e9n que \u00abse est\u00e1n haciendo las gestiones correspondientes para que los atletas que est\u00e1n con<br \/>\nposibilidades de clasificar al Mundial de Tokio 2025, puedan participar en los Continental Tour de los<br \/>\npa\u00edses sudamericanos\u00bb.<\/p>\n<p>Cabe acotar que lo que si est\u00e1 confirmado es la realizaci\u00f3n del Sudamericano de Mayores, programado en Mar del Plata.<\/p>\n","protected":false},"excerpt":{"rendered":"<p>La CADA anunci\u00f3 ayer la baja de los Continental Tour Challenger y Bronce 2025. Luego de varios meses de diversas<\/p>\n","protected":false},"author":2,"featured_media":54237,"comment_status":"closed","ping_status":"closed","sticky":false,"template":"","format":"standard","meta":{"footnotes":""},"categories":[7,24],"tags":[],"class_list":["post-54236","post","type-post","status-publish","format-standard","has-post-thumbnail","hentry","category-atletismo","category-noticias-destacadas"],"cc_featured_image_caption":{"caption_text":"","source_text":"","source_url":""},"_links":{"self":[{"href":"https:\/\/todoapulmon-rafaela.com\/index.php\/wp-json\/wp\/v2\/posts\/54236"}],"collection":[{"href":"https:\/\/todoapulmon-rafaela.com\/index.php\/wp-json\/wp\/v2\/posts"}],"about":[{"href":"https:\/\/todoapulmon-rafaela.com\/index.php\/wp-json\/wp\/v2\/types\/post"}],"author":[{"embeddable":true,"href":"https:\/\/todoapulmon-rafaela.com\/index.php\/wp-json\/wp\/v2\/users\/2"}],"replies":[{"embeddable":true,"href":"https:\/\/todoapulmon-rafaela.com\/index.php\/wp-json\/wp\/v2\/comments?post=54236"}],"version-history":[{"count":1,"href":"https:\/\/todoapulmon-rafaela.com\/index.php\/wp-json\/wp\/v2\/posts\/54236\/revisions"}],"predecessor-version":[{"id":54238,"href":"https:\/\/todoapulmon-rafaela.com\/index.php\/wp-json\/wp\/v2\/posts\/54236\/revisions\/54238"}],"wp:featuredmedia":[{"embeddable":true,"href":"https:\/\/todoapulmon-rafaela.com\/index.php\/wp-json\/wp\/v2\/media\/54237"}],"wp:attachment":[{"href":"https:\/\/todoapulmon-rafaela.com\/index.php\/wp-json\/wp\/v2\/media?parent=54236"}],"wp:term":[{"taxonomy":"category","embeddable":true,"href":"https:\/\/todoapulmon-rafaela.com\/index.php\/wp-json\/wp\/v2\/categories?post=54236"},{"taxonomy":"post_tag","embeddable":true,"href":"https:\/\/todoapulmon-rafaela.com\/index.php\/wp-json\/wp\/v2\/tags?post=54236"}],"curies":[{"name":"wp","href":"https:\/\/api.w.org\/{rel}","templated":true}]}}