{"id":54130,"date":"2025-01-22T15:42:00","date_gmt":"2025-01-22T15:42:00","guid":{"rendered":"https:\/\/todoapulmon-rafaela.com\/?p=54130"},"modified":"2025-01-22T15:42:00","modified_gmt":"2025-01-22T15:42:00","slug":"brian-lopez-atleta-de-la-region-entrenado-por-un-rafaelino-al-sudamericano-indoor","status":"publish","type":"post","link":"https:\/\/todoapulmon-rafaela.com\/index.php\/2025\/01\/22\/brian-lopez-atleta-de-la-region-entrenado-por-un-rafaelino-al-sudamericano-indoor\/","title":{"rendered":"Brian L\u00f3pez, atleta de la regi\u00f3n entrenado por un rafaelino, al Sudamericano Indoor"},"content":{"rendered":"<p>La Confederaci\u00f3n Argentina de atletismo dio a conocer el equipo nacional para el Campeonato Sudamericano Indoor, a desarrollarse en la ciudad boliviana de Cochabamba durante los d\u00edas 22 y 23 de febrero.<\/p>\n<p>Dentro de la lista se destaca la presencia del saltador en largo Brian L\u00f3pez. El atleta oriundo de Humboldt tiene como entrenador al rafaelino Ariel Magallanes.<\/p>\n<p>El grueso de la delegaci\u00f3n viajar\u00e1 el 20 de febrero desde Ezeiza, mientras que cinco atletas lo har\u00e1n v\u00eda terrestre desde Salta.<\/p>\n<p><img loading=\"lazy\" decoding=\"async\" class=\"alignnone size-full wp-image-54132\" src=\"https:\/\/todoapulmon-rafaela.com\/wp-content\/uploads\/2025\/01\/Screenshot_20250122-085146_Samsung-Notes.jpg\" alt=\"\" width=\"322\" height=\"522\" srcset=\"https:\/\/todoapulmon-rafaela.com\/wp-content\/uploads\/2025\/01\/Screenshot_20250122-085146_Samsung-Notes.jpg 322w, https:\/\/todoapulmon-rafaela.com\/wp-content\/uploads\/2025\/01\/Screenshot_20250122-085146_Samsung-Notes-185x300.jpg 185w\" sizes=\"(max-width: 322px) 100vw, 322px\" \/><img loading=\"lazy\" decoding=\"async\" class=\"alignnone size-full wp-image-54133\" src=\"https:\/\/todoapulmon-rafaela.com\/wp-content\/uploads\/2025\/01\/Screenshot_20250122-085420_Samsung-Notes.jpg\" alt=\"\" width=\"356\" height=\"242\" srcset=\"https:\/\/todoapulmon-rafaela.com\/wp-content\/uploads\/2025\/01\/Screenshot_20250122-085420_Samsung-Notes.jpg 356w, https:\/\/todoapulmon-rafaela.com\/wp-content\/uploads\/2025\/01\/Screenshot_20250122-085420_Samsung-Notes-300x204.jpg 300w\" sizes=\"(max-width: 356px) 100vw, 356px\" \/><\/p>\n<p>&nbsp;<\/p>\n","protected":false},"excerpt":{"rendered":"<p>La Confederaci\u00f3n Argentina de atletismo dio a conocer el equipo nacional para el Campeonato Sudamericano Indoor, a desarrollarse en la<\/p>\n","protected":false},"author":2,"featured_media":54131,"comment_status":"closed","ping_status":"closed","sticky":false,"template":"","format":"standard","meta":{"footnotes":""},"categories":[7,24],"tags":[],"class_list":["post-54130","post","type-post","status-publish","format-standard","has-post-thumbnail","hentry","category-atletismo","category-noticias-destacadas"],"cc_featured_image_caption":{"caption_text":"","source_text":"","source_url":""},"_links":{"self":[{"href":"https:\/\/todoapulmon-rafaela.com\/index.php\/wp-json\/wp\/v2\/posts\/54130"}],"collection":[{"href":"https:\/\/todoapulmon-rafaela.com\/index.php\/wp-json\/wp\/v2\/posts"}],"about":[{"href":"https:\/\/todoapulmon-rafaela.com\/index.php\/wp-json\/wp\/v2\/types\/post"}],"author":[{"embeddable":true,"href":"https:\/\/todoapulmon-rafaela.com\/index.php\/wp-json\/wp\/v2\/users\/2"}],"replies":[{"embeddable":true,"href":"https:\/\/todoapulmon-rafaela.com\/index.php\/wp-json\/wp\/v2\/comments?post=54130"}],"version-history":[{"count":2,"href":"https:\/\/todoapulmon-rafaela.com\/index.php\/wp-json\/wp\/v2\/posts\/54130\/revisions"}],"predecessor-version":[{"id":54135,"href":"https:\/\/todoapulmon-rafaela.com\/index.php\/wp-json\/wp\/v2\/posts\/54130\/revisions\/54135"}],"wp:featuredmedia":[{"embeddable":true,"href":"https:\/\/todoapulmon-rafaela.com\/index.php\/wp-json\/wp\/v2\/media\/54131"}],"wp:attachment":[{"href":"https:\/\/todoapulmon-rafaela.com\/index.php\/wp-json\/wp\/v2\/media?parent=54130"}],"wp:term":[{"taxonomy":"category","embeddable":true,"href":"https:\/\/todoapulmon-rafaela.com\/index.php\/wp-json\/wp\/v2\/categories?post=54130"},{"taxonomy":"post_tag","embeddable":true,"href":"https:\/\/todoapulmon-rafaela.com\/index.php\/wp-json\/wp\/v2\/tags?post=54130"}],"curies":[{"name":"wp","href":"https:\/\/api.w.org\/{rel}","templated":true}]}}