{"id":54048,"date":"2025-01-17T20:17:09","date_gmt":"2025-01-17T20:17:09","guid":{"rendered":"https:\/\/todoapulmon-rafaela.com\/?p=54048"},"modified":"2025-01-17T20:17:09","modified_gmt":"2025-01-17T20:17:09","slug":"el-triatlon-de-la-paz-cumple-40-anos","status":"publish","type":"post","link":"https:\/\/todoapulmon-rafaela.com\/index.php\/2025\/01\/17\/el-triatlon-de-la-paz-cumple-40-anos\/","title":{"rendered":"El Triatl\u00f3n de La Paz cumple 40 a\u00f1os"},"content":{"rendered":"<p>La edici\u00f3n 40\u00b0 aniversario del Triatl\u00f3n Internacional de La Paz se correr\u00e1 este viernes 17 y s\u00e1bado 18 en la ciudad entrerriana. Participar\u00e1n m\u00e1s de 1.000 atletas de distintas partes del pa\u00eds y del mundo, con la presencia habitual de algunos exponentes de nuestra ciudad.<\/p>\n<p>Para esta edici\u00f3n se registraron 1.200 inscripciones en las distintas distancias y categor\u00edas Elite, Est\u00e1ndar, Sprint, Juveniles, MTB, ParaTr\u00eda; y 170 para las Infantiles.<\/p>\n<p>EL CRONOGRAMA<\/p>\n<p><img loading=\"lazy\" decoding=\"async\" class=\"alignnone size-full wp-image-54051\" src=\"https:\/\/todoapulmon-rafaela.com\/wp-content\/uploads\/2025\/01\/Cronograma-tria.jpg\" alt=\"\" width=\"1282\" height=\"1600\" srcset=\"https:\/\/todoapulmon-rafaela.com\/wp-content\/uploads\/2025\/01\/Cronograma-tria.jpg 1282w, https:\/\/todoapulmon-rafaela.com\/wp-content\/uploads\/2025\/01\/Cronograma-tria-240x300.jpg 240w, https:\/\/todoapulmon-rafaela.com\/wp-content\/uploads\/2025\/01\/Cronograma-tria-1202x1500.jpg 1202w, https:\/\/todoapulmon-rafaela.com\/wp-content\/uploads\/2025\/01\/Cronograma-tria-1231x1536.jpg 1231w\" sizes=\"(max-width: 1282px) 100vw, 1282px\" \/><\/p>\n<p><img loading=\"lazy\" decoding=\"async\" class=\"alignnone size-full wp-image-54052\" src=\"https:\/\/todoapulmon-rafaela.com\/wp-content\/uploads\/2025\/01\/Cronograma-tria1.jpg\" alt=\"\" width=\"1282\" height=\"1600\" srcset=\"https:\/\/todoapulmon-rafaela.com\/wp-content\/uploads\/2025\/01\/Cronograma-tria1.jpg 1282w, https:\/\/todoapulmon-rafaela.com\/wp-content\/uploads\/2025\/01\/Cronograma-tria1-240x300.jpg 240w, https:\/\/todoapulmon-rafaela.com\/wp-content\/uploads\/2025\/01\/Cronograma-tria1-1202x1500.jpg 1202w, https:\/\/todoapulmon-rafaela.com\/wp-content\/uploads\/2025\/01\/Cronograma-tria1-1231x1536.jpg 1231w\" sizes=\"(max-width: 1282px) 100vw, 1282px\" \/><\/p>\n<p>&nbsp;<\/p>\n","protected":false},"excerpt":{"rendered":"<p>La edici\u00f3n 40\u00b0 aniversario del Triatl\u00f3n Internacional de La Paz se correr\u00e1 este viernes 17 y s\u00e1bado 18 en la<\/p>\n","protected":false},"author":2,"featured_media":54053,"comment_status":"closed","ping_status":"closed","sticky":false,"template":"","format":"standard","meta":{"footnotes":""},"categories":[28],"tags":[],"class_list":["post-54048","post","type-post","status-publish","format-standard","has-post-thumbnail","hentry","category-triatlon"],"cc_featured_image_caption":{"caption_text":"","source_text":"","source_url":""},"_links":{"self":[{"href":"https:\/\/todoapulmon-rafaela.com\/index.php\/wp-json\/wp\/v2\/posts\/54048"}],"collection":[{"href":"https:\/\/todoapulmon-rafaela.com\/index.php\/wp-json\/wp\/v2\/posts"}],"about":[{"href":"https:\/\/todoapulmon-rafaela.com\/index.php\/wp-json\/wp\/v2\/types\/post"}],"author":[{"embeddable":true,"href":"https:\/\/todoapulmon-rafaela.com\/index.php\/wp-json\/wp\/v2\/users\/2"}],"replies":[{"embeddable":true,"href":"https:\/\/todoapulmon-rafaela.com\/index.php\/wp-json\/wp\/v2\/comments?post=54048"}],"version-history":[{"count":1,"href":"https:\/\/todoapulmon-rafaela.com\/index.php\/wp-json\/wp\/v2\/posts\/54048\/revisions"}],"predecessor-version":[{"id":54054,"href":"https:\/\/todoapulmon-rafaela.com\/index.php\/wp-json\/wp\/v2\/posts\/54048\/revisions\/54054"}],"wp:featuredmedia":[{"embeddable":true,"href":"https:\/\/todoapulmon-rafaela.com\/index.php\/wp-json\/wp\/v2\/media\/54053"}],"wp:attachment":[{"href":"https:\/\/todoapulmon-rafaela.com\/index.php\/wp-json\/wp\/v2\/media?parent=54048"}],"wp:term":[{"taxonomy":"category","embeddable":true,"href":"https:\/\/todoapulmon-rafaela.com\/index.php\/wp-json\/wp\/v2\/categories?post=54048"},{"taxonomy":"post_tag","embeddable":true,"href":"https:\/\/todoapulmon-rafaela.com\/index.php\/wp-json\/wp\/v2\/tags?post=54048"}],"curies":[{"name":"wp","href":"https:\/\/api.w.org\/{rel}","templated":true}]}}