{"id":54036,"date":"2025-01-17T11:03:28","date_gmt":"2025-01-17T11:03:28","guid":{"rendered":"https:\/\/todoapulmon-rafaela.com\/?p=54036"},"modified":"2025-01-17T11:03:28","modified_gmt":"2025-01-17T11:03:28","slug":"excelentes-logros-de-amancay-en-villa-rumipal-con-numerosa-delegacion-y-podios","status":"publish","type":"post","link":"https:\/\/todoapulmon-rafaela.com\/index.php\/2025\/01\/17\/excelentes-logros-de-amancay-en-villa-rumipal-con-numerosa-delegacion-y-podios\/","title":{"rendered":"Excelentes logros de Amancay en Villa Rumipal, con numerosa delegaci\u00f3n y podios"},"content":{"rendered":"<p>El s\u00e1bado 11 de Enero se desarroll\u00f3 en Villa Rumipal las edici\u00f3n N\u00b045 de la tradicional prueba de aguas abiertas denominada \u201cCruce del Lago\u201d.<\/p>\n<p>Este nombre se debe a que se cruza nadando el embalse Rio Pistarini desde el Club N\u00e1utico de Santa Rosa de Calamuchita hasta el balneario municipal de Villa Rumipal recorriendo una distancia aproximada de 1.300 mts.<\/p>\n<p>En esta ocasi\u00f3n participaron 812 nadadores entre todas las edades y solo 3 personas no llegaron a destino y tuvieron que ser asistidas por el personal que se ocupa de la seguridad del evento.<\/p>\n<p><img loading=\"lazy\" decoding=\"async\" class=\"alignnone size-full wp-image-54039\" src=\"https:\/\/todoapulmon-rafaela.com\/wp-content\/uploads\/2025\/01\/FB_IMG_1737079522371.jpg\" alt=\"\" width=\"720\" height=\"540\" srcset=\"https:\/\/todoapulmon-rafaela.com\/wp-content\/uploads\/2025\/01\/FB_IMG_1737079522371.jpg 720w, https:\/\/todoapulmon-rafaela.com\/wp-content\/uploads\/2025\/01\/FB_IMG_1737079522371-300x225.jpg 300w\" sizes=\"(max-width: 720px) 100vw, 720px\" \/><\/p>\n<p>El Natatorio Amancay present\u00f3 una de las delegaciones m\u00e1s numerosas que participaron del evento ya que 38 nadadores concurrieron representando a la pileta rafaelina.<\/p>\n<p>Todos los integrantes de la delegaci\u00f3n lograron el objetivo de completar la prueba, destac\u00e1ndose particularmente las nadadores que fueron parte del podio de premiaci\u00f3n que fueron:<\/p>\n<p><strong>Catalina Giraudo \u2013<\/strong> Segundo puesto en la categor\u00eda Sub. 19 a solo 20 segundos de la primera.<\/p>\n<p><strong>Perlina Domenichini \u2013<\/strong> Tercer puesto en la catgegor\u00eda Sub. 19 a solo 15 segundos de la segunda.<\/p>\n<p><strong>Gabriela Mezzo<\/strong> \u2013 Tercer puesto en su categor\u00eda y adem\u00e1s la nadadora m\u00e1s r\u00e1pida del Natatorio Amancay.<\/p>\n<p><img loading=\"lazy\" decoding=\"async\" class=\"alignnone size-full wp-image-54041\" src=\"https:\/\/todoapulmon-rafaela.com\/wp-content\/uploads\/2025\/01\/FB_IMG_1737079533198.jpg\" alt=\"\" width=\"720\" height=\"540\" srcset=\"https:\/\/todoapulmon-rafaela.com\/wp-content\/uploads\/2025\/01\/FB_IMG_1737079533198.jpg 720w, https:\/\/todoapulmon-rafaela.com\/wp-content\/uploads\/2025\/01\/FB_IMG_1737079533198-300x225.jpg 300w\" sizes=\"(max-width: 720px) 100vw, 720px\" \/><\/p>\n<p>&nbsp;<\/p>\n<p>La clasificaci\u00f3n de los nadadores del Natatorio Amancay seg\u00fan el tiempo de llegada fue:<\/p>\n<p><img loading=\"lazy\" decoding=\"async\" class=\"alignnone size-full wp-image-54037\" src=\"https:\/\/todoapulmon-rafaela.com\/wp-content\/uploads\/2025\/01\/Screenshot_20250116-233112_Microsoft-365-Office.jpg\" alt=\"\" width=\"720\" height=\"1114\" srcset=\"https:\/\/todoapulmon-rafaela.com\/wp-content\/uploads\/2025\/01\/Screenshot_20250116-233112_Microsoft-365-Office.jpg 720w, https:\/\/todoapulmon-rafaela.com\/wp-content\/uploads\/2025\/01\/Screenshot_20250116-233112_Microsoft-365-Office-194x300.jpg 194w\" sizes=\"(max-width: 720px) 100vw, 720px\" \/><\/p>\n<p>Para la profesora Gabriela Mezzo fue una satisfacci\u00f3n en primer lugar que todos los nadadores hayan completado la prueba y con tan destacadas performances teniendo en cuenta que participaron alumnos menores de 15 a\u00f1os, hasta menores de 66 a\u00f1os.<\/p>\n<p>Por otra parte, nos hizo saber que logr\u00f3 por 9na vez consecutiva llegar antes que su marido y estaba feliz por eso (nos contaba en tono de broma). \u201cNosotros en el Natatorio Amancay tomamos esta prueba como un desaf\u00edo personal para los nadadores pero adem\u00e1s como un muy lindo momento grupal, ya que nos gusta compartir este evento en particular con nuestros alumnos donde nos juntamos como una gran familia un par de d\u00edas en este entorno fant\u00e1stico y con un hermoso clima de nataci\u00f3n. Todos nos acompa\u00f1amos y nos alentamos para llegar a la otra orilla de la mejor manera.<\/p>\n<p><img loading=\"lazy\" decoding=\"async\" class=\"alignnone size-full wp-image-54040\" src=\"https:\/\/todoapulmon-rafaela.com\/wp-content\/uploads\/2025\/01\/FB_IMG_1737079530116.jpg\" alt=\"\" width=\"720\" height=\"540\" srcset=\"https:\/\/todoapulmon-rafaela.com\/wp-content\/uploads\/2025\/01\/FB_IMG_1737079530116.jpg 720w, https:\/\/todoapulmon-rafaela.com\/wp-content\/uploads\/2025\/01\/FB_IMG_1737079530116-300x225.jpg 300w\" sizes=\"(max-width: 720px) 100vw, 720px\" \/><\/p>\n<p>&nbsp;<\/p>\n<p>\u00abEsta vez el ejemplo de compa\u00f1erismo lo dio Eduardo Maretto, que se tir\u00f3 al agua aun cuando no era su turno para alentar a una compa\u00f1era que quer\u00eda abandonar por haber tragado agua, y con su apoyo consigui\u00f3 retomar la carrera llegar a la meta. Disfrutamos mucho este evento y ojal\u00e1 sigamos sumando nadadores a\u00f1o a a\u00f1o\u201d, nos expres\u00f3 la titular del Natatorio Amancay.<\/p>\n<p><img loading=\"lazy\" decoding=\"async\" class=\"alignnone size-full wp-image-54042\" src=\"https:\/\/todoapulmon-rafaela.com\/wp-content\/uploads\/2025\/01\/FB_IMG_1737079526317.jpg\" alt=\"\" width=\"720\" height=\"540\" srcset=\"https:\/\/todoapulmon-rafaela.com\/wp-content\/uploads\/2025\/01\/FB_IMG_1737079526317.jpg 720w, https:\/\/todoapulmon-rafaela.com\/wp-content\/uploads\/2025\/01\/FB_IMG_1737079526317-300x225.jpg 300w\" sizes=\"(max-width: 720px) 100vw, 720px\" \/><\/p>\n<p>Esta prueba es una tradici\u00f3n que naci\u00f3 con el primer festival del lago, 45 a\u00f1os atr\u00e1s y fue organizada por la Federaci\u00f3n Cordobesa de Natacion y la Municipalidad de Villa Rumipal. La distancia que nadaron en esta ocasi\u00f3n fue de 1200 metros aproximadamente, con un entorno muy favorable para practicar este deporte ya que el clima fue ideal y no hubo viento.<\/p>\n<p>&nbsp;<\/p>\n<p>&nbsp;<\/p>\n","protected":false},"excerpt":{"rendered":"<p>El s\u00e1bado 11 de Enero se desarroll\u00f3 en Villa Rumipal las edici\u00f3n N\u00b045 de la tradicional prueba de aguas abiertas<\/p>\n","protected":false},"author":2,"featured_media":54038,"comment_status":"closed","ping_status":"closed","sticky":false,"template":"","format":"standard","meta":{"footnotes":""},"categories":[26,24],"tags":[],"class_list":["post-54036","post","type-post","status-publish","format-standard","has-post-thumbnail","hentry","category-natacion","category-noticias-destacadas"],"cc_featured_image_caption":{"caption_text":"FOTOS NATATORIO AMANCAY","source_text":"","source_url":""},"_links":{"self":[{"href":"https:\/\/todoapulmon-rafaela.com\/index.php\/wp-json\/wp\/v2\/posts\/54036"}],"collection":[{"href":"https:\/\/todoapulmon-rafaela.com\/index.php\/wp-json\/wp\/v2\/posts"}],"about":[{"href":"https:\/\/todoapulmon-rafaela.com\/index.php\/wp-json\/wp\/v2\/types\/post"}],"author":[{"embeddable":true,"href":"https:\/\/todoapulmon-rafaela.com\/index.php\/wp-json\/wp\/v2\/users\/2"}],"replies":[{"embeddable":true,"href":"https:\/\/todoapulmon-rafaela.com\/index.php\/wp-json\/wp\/v2\/comments?post=54036"}],"version-history":[{"count":1,"href":"https:\/\/todoapulmon-rafaela.com\/index.php\/wp-json\/wp\/v2\/posts\/54036\/revisions"}],"predecessor-version":[{"id":54043,"href":"https:\/\/todoapulmon-rafaela.com\/index.php\/wp-json\/wp\/v2\/posts\/54036\/revisions\/54043"}],"wp:featuredmedia":[{"embeddable":true,"href":"https:\/\/todoapulmon-rafaela.com\/index.php\/wp-json\/wp\/v2\/media\/54038"}],"wp:attachment":[{"href":"https:\/\/todoapulmon-rafaela.com\/index.php\/wp-json\/wp\/v2\/media?parent=54036"}],"wp:term":[{"taxonomy":"category","embeddable":true,"href":"https:\/\/todoapulmon-rafaela.com\/index.php\/wp-json\/wp\/v2\/categories?post=54036"},{"taxonomy":"post_tag","embeddable":true,"href":"https:\/\/todoapulmon-rafaela.com\/index.php\/wp-json\/wp\/v2\/tags?post=54036"}],"curies":[{"name":"wp","href":"https:\/\/api.w.org\/{rel}","templated":true}]}}