{"id":53945,"date":"2025-01-09T14:05:31","date_gmt":"2025-01-09T14:05:31","guid":{"rendered":"https:\/\/todoapulmon-rafaela.com\/?p=53945"},"modified":"2025-01-09T14:06:07","modified_gmt":"2025-01-09T14:06:07","slug":"la-cab-ratifico-el-viaje-de-la-seleccion-a-venezuela-aunque-falta-mas-de-un-mes","status":"publish","type":"post","link":"https:\/\/todoapulmon-rafaela.com\/index.php\/2025\/01\/09\/la-cab-ratifico-el-viaje-de-la-seleccion-a-venezuela-aunque-falta-mas-de-un-mes\/","title":{"rendered":"La CAB ratific\u00f3 el viaje de la selecci\u00f3n a Venezuela, aunque falta m\u00e1s de un mes"},"content":{"rendered":"<p>En virtud de la obligaci\u00f3n de la Selecci\u00f3n Mayor Masculina de b\u00e1squetbol que deber\u00e1 viajar a Venezuela para disputar su ante\u00faltimo partido de los Clasificatorios FIBA para la AmeriCup 2025, la Confederaci\u00f3n Argentina de B\u00e1squet ratific\u00f3 este jueves el viaje del equipo nacional. No obstante, estos juegos est\u00e1n previstos en febrero, cuando los de Pablo Prigioni visiten a la vinotinto el jueves 20, y a Colombia el domingo 23.<\/p>\n<p>El comunicado emitido tiene que ver con los crecientes conflictos pol\u00edticos que atraviesa ese pa\u00eds, con manifestaciones y temor por situaciones de violencia social, que inclusive motivaron declaraciones de la Ministra de Seguridad Patricia Bullrich para que no viaje el seleccionado de f\u00fatbol al Sudamericano Sub 20, tambi\u00e9n programado en Venezuela.<\/p>\n<p>\u00abLos Seleccionados argentinos juegan en las sedes que dispone FIBA, siendo esta la encargada de velar por el desarrollo normal del evento. No participar implicar\u00eda la descalificaci\u00f3n del torneo de la Selecci\u00f3n.<\/p>\n<p>\u00abEn el pasado mes de noviembre, el seleccionado femenino U15 particip\u00f3 del Campeonato Sudamericano organizado en la ciudad de Barquisimeto, donde la Federaci\u00f3n Venezolana de Baloncesto desarroll\u00f3 con normalidad un evento a la altura de los est\u00e1ndares internacionales FIBA.<\/p>\n<p>\u00abDesde la Confederaci\u00f3n Argentina de B\u00e1squet creemos que el deporte es uni\u00f3n, que tiende puentes de amistad y confraternidad.<\/p>\n<p>Estamos en contacto permanente con la Federaci\u00f3n Venezolana de Baloncesto y las autoridades de FIBA garantizando la seguridad de nuestra delegaci\u00f3n\u00bb, culmin\u00f3 el comunicado de la CAB.<\/p>\n","protected":false},"excerpt":{"rendered":"<p>En virtud de la obligaci\u00f3n de la Selecci\u00f3n Mayor Masculina de b\u00e1squetbol que deber\u00e1 viajar a Venezuela para disputar su<\/p>\n","protected":false},"author":2,"featured_media":53946,"comment_status":"closed","ping_status":"closed","sticky":false,"template":"","format":"standard","meta":{"footnotes":""},"categories":[5,24],"tags":[],"class_list":["post-53945","post","type-post","status-publish","format-standard","has-post-thumbnail","hentry","category-basquet","category-noticias-destacadas"],"cc_featured_image_caption":{"caption_text":"","source_text":"","source_url":""},"_links":{"self":[{"href":"https:\/\/todoapulmon-rafaela.com\/index.php\/wp-json\/wp\/v2\/posts\/53945"}],"collection":[{"href":"https:\/\/todoapulmon-rafaela.com\/index.php\/wp-json\/wp\/v2\/posts"}],"about":[{"href":"https:\/\/todoapulmon-rafaela.com\/index.php\/wp-json\/wp\/v2\/types\/post"}],"author":[{"embeddable":true,"href":"https:\/\/todoapulmon-rafaela.com\/index.php\/wp-json\/wp\/v2\/users\/2"}],"replies":[{"embeddable":true,"href":"https:\/\/todoapulmon-rafaela.com\/index.php\/wp-json\/wp\/v2\/comments?post=53945"}],"version-history":[{"count":2,"href":"https:\/\/todoapulmon-rafaela.com\/index.php\/wp-json\/wp\/v2\/posts\/53945\/revisions"}],"predecessor-version":[{"id":53948,"href":"https:\/\/todoapulmon-rafaela.com\/index.php\/wp-json\/wp\/v2\/posts\/53945\/revisions\/53948"}],"wp:featuredmedia":[{"embeddable":true,"href":"https:\/\/todoapulmon-rafaela.com\/index.php\/wp-json\/wp\/v2\/media\/53946"}],"wp:attachment":[{"href":"https:\/\/todoapulmon-rafaela.com\/index.php\/wp-json\/wp\/v2\/media?parent=53945"}],"wp:term":[{"taxonomy":"category","embeddable":true,"href":"https:\/\/todoapulmon-rafaela.com\/index.php\/wp-json\/wp\/v2\/categories?post=53945"},{"taxonomy":"post_tag","embeddable":true,"href":"https:\/\/todoapulmon-rafaela.com\/index.php\/wp-json\/wp\/v2\/tags?post=53945"}],"curies":[{"name":"wp","href":"https:\/\/api.w.org\/{rel}","templated":true}]}}