{"id":53912,"date":"2025-01-06T15:04:47","date_gmt":"2025-01-06T15:04:47","guid":{"rendered":"https:\/\/todoapulmon-rafaela.com\/?p=53912"},"modified":"2025-01-06T15:15:00","modified_gmt":"2025-01-06T15:15:00","slug":"una-lesion-le-impidio-a-pecantet-terminar-su-buena-carrera-en-italia","status":"publish","type":"post","link":"https:\/\/todoapulmon-rafaela.com\/index.php\/2025\/01\/06\/una-lesion-le-impidio-a-pecantet-terminar-su-buena-carrera-en-italia\/","title":{"rendered":"Una lesi\u00f3n le impidi\u00f3 a Pecantet terminar su buena carrera en Italia"},"content":{"rendered":"<p>Una valiosa experiencia en el trail internacional tuvo este fin de semana Agust\u00edn Pecantet. Aunque una lesi\u00f3n le impidi\u00f3 culminar la prueba, el rafaelino pudo mantener un buen ritmo entre calificados exponentes de la disciplina en su categor\u00eda.<\/p>\n<p>Su competencia fue en el desaf\u00edo la costa de Bora Trieste, en Italia, clasificaci\u00f3n UTMB Level 3, representando a Argentina corri\u00f3 entre participantes de todo el mundo siendo uno de los 3 Sudamericanos presentes, en un desaf\u00edo de dos d\u00edas consecutivos (etapa 1: 47k\/ etapa 2: 56k).<br \/>\n\u00abLa primer etapa fue hermosa, pasando por caminos de nieve, lluvia y desniveles continuos logrando sostener un gran ritmo y terminando en 6to puesto general con un tiempo de 6 horas 11min 21 seg\u00bb, nos cont\u00f3 sobre su performance inicial.<\/p>\n<p>En cuanto a lo sucedido el domingo, mencion\u00f3 que \u00abla segunda etapa largamos de noche con mucha lluvia, realic\u00e9 los primeros 38k donde ven\u00eda 5to, pero tuve que abandonar ya que en el kil\u00f3metro 28 me torc\u00ed muy fuerte el tobillo, en ese momento decid\u00ed continuar mi marcha 10k m\u00e1s pero tuve que llamar una ambulancia porque estaba muy inflamado y era imposible continuar\u00bb, lament\u00f3 a la distancia el representante de Guepard Entrenamiento.<\/p>\n<p>Por \u00faltimo, Pecantet resalt\u00f3 que \u00abestoy muy agradecido a todos los que me acompa\u00f1aron y colaboraron para que esto sea posible. Para m\u00ed es una bendici\u00f3n tener tanta gente que me quiere, ahora a trabajar en la recuperaci\u00f3n para el pr\u00f3ximo desaf\u00edo\u00bb.<\/p>\n","protected":false},"excerpt":{"rendered":"<p>Una valiosa experiencia en el trail internacional tuvo este fin de semana Agust\u00edn Pecantet. Aunque una lesi\u00f3n le impidi\u00f3 culminar<\/p>\n","protected":false},"author":2,"featured_media":53918,"comment_status":"closed","ping_status":"closed","sticky":false,"template":"","format":"standard","meta":{"footnotes":""},"categories":[7,24],"tags":[],"class_list":["post-53912","post","type-post","status-publish","format-standard","has-post-thumbnail","hentry","category-atletismo","category-noticias-destacadas"],"cc_featured_image_caption":{"caption_text":"","source_text":"","source_url":""},"_links":{"self":[{"href":"https:\/\/todoapulmon-rafaela.com\/index.php\/wp-json\/wp\/v2\/posts\/53912"}],"collection":[{"href":"https:\/\/todoapulmon-rafaela.com\/index.php\/wp-json\/wp\/v2\/posts"}],"about":[{"href":"https:\/\/todoapulmon-rafaela.com\/index.php\/wp-json\/wp\/v2\/types\/post"}],"author":[{"embeddable":true,"href":"https:\/\/todoapulmon-rafaela.com\/index.php\/wp-json\/wp\/v2\/users\/2"}],"replies":[{"embeddable":true,"href":"https:\/\/todoapulmon-rafaela.com\/index.php\/wp-json\/wp\/v2\/comments?post=53912"}],"version-history":[{"count":4,"href":"https:\/\/todoapulmon-rafaela.com\/index.php\/wp-json\/wp\/v2\/posts\/53912\/revisions"}],"predecessor-version":[{"id":53916,"href":"https:\/\/todoapulmon-rafaela.com\/index.php\/wp-json\/wp\/v2\/posts\/53912\/revisions\/53916"}],"wp:featuredmedia":[{"embeddable":true,"href":"https:\/\/todoapulmon-rafaela.com\/index.php\/wp-json\/wp\/v2\/media\/53918"}],"wp:attachment":[{"href":"https:\/\/todoapulmon-rafaela.com\/index.php\/wp-json\/wp\/v2\/media?parent=53912"}],"wp:term":[{"taxonomy":"category","embeddable":true,"href":"https:\/\/todoapulmon-rafaela.com\/index.php\/wp-json\/wp\/v2\/categories?post=53912"},{"taxonomy":"post_tag","embeddable":true,"href":"https:\/\/todoapulmon-rafaela.com\/index.php\/wp-json\/wp\/v2\/tags?post=53912"}],"curies":[{"name":"wp","href":"https:\/\/api.w.org\/{rel}","templated":true}]}}