{"id":53733,"date":"2024-12-20T21:07:00","date_gmt":"2024-12-20T21:07:00","guid":{"rendered":"https:\/\/todoapulmon-rafaela.com\/?p=53733"},"modified":"2024-12-20T21:07:00","modified_gmt":"2024-12-20T21:07:00","slug":"agustin-pecantet-comenzara-el-ano-corriendo-en-italia","status":"publish","type":"post","link":"https:\/\/todoapulmon-rafaela.com\/index.php\/2024\/12\/20\/agustin-pecantet-comenzara-el-ano-corriendo-en-italia\/","title":{"rendered":"Agust\u00edn Pecantet comenzar\u00e1 el a\u00f1o corriendo en Italia"},"content":{"rendered":"<p>Despu\u00e9s de un intenso 2024, el pr\u00f3ximo a\u00f1o comenzar\u00e1 con otro importante objetivo para el runner rafaelino Agust\u00edn Pecantet. Enfocado en el sue\u00f1o del Espartathl\u00f3n, competir\u00e1 el primer fin de semana de 2025 en la Bora Race, en Italia, una competencia de dos Ultras en s\u00e1bado y domingo, que otorga importante puntaje para llegar a Grecia.<br \/>\n\u00abContento por el nuevo desaf\u00edo ya cercano, fue un gran cierre de a\u00f1o y feliz por lo que se viene. El 2024 fue incre\u00edble, termin\u00e9 con el Desaf\u00edo Griego, alguna carrerita por aqu\u00ed cerca con buenos resultados. Contento por el rendimiento del cuerpo y por todo lo que se logr\u00f3\u00bb, nos cont\u00f3 a pocos d\u00edas de su partida a Europa.<br \/>\nLa Bora Race ofrece un recorrido impresionante con diversos paisajes y or\u00edgenes, que combina elementos de la alta monta\u00f1a y el mar, seg\u00fan se describe en su presentaci\u00f3n.<br \/>\nAgu describi\u00f3 que \u00abes un lugar cercano a Venecia. Consta de recorrer dos Ultras, el s\u00e1bado 50 kil\u00f3metros y el domingo 54 kil\u00f3metros, son dos d\u00edas consecutivos donde se registran las posiciones m\u00e1s que los tiempos y luego eval\u00faan los resultados en base a ambas carreras\u00bb.<br \/>\nPecantet destac\u00f3 que \u00abes una competencia que otorga muchos puntos, para seguir la clasificaci\u00f3n rumbo al Espartathl\u00f3n. Vamos a arrancar con mucha intensidad y mucho fr\u00edo, all\u00e1 hay temperaturas bajo cero. Ac\u00e1 estamos entrenando con bastante calor, pero a mi me sirve entrenar asi y despues correr con fr\u00edo, asi que creo que voy a andar bien\u00bb.<br \/>\nFinalmente mencion\u00f3 sobre la topograf\u00eda de la prueba que \u00abhay peque\u00f1os desniveles, no monta\u00f1a, asi que espero salga una buena carrera y seguir prendido en la clasificaci\u00f3n\u00bb.<\/p>\n","protected":false},"excerpt":{"rendered":"<p>Despu\u00e9s de un intenso 2024, el pr\u00f3ximo a\u00f1o comenzar\u00e1 con otro importante objetivo para el runner rafaelino Agust\u00edn Pecantet. Enfocado<\/p>\n","protected":false},"author":2,"featured_media":53734,"comment_status":"closed","ping_status":"closed","sticky":false,"template":"","format":"standard","meta":{"footnotes":""},"categories":[7,24],"tags":[],"class_list":["post-53733","post","type-post","status-publish","format-standard","has-post-thumbnail","hentry","category-atletismo","category-noticias-destacadas"],"cc_featured_image_caption":{"caption_text":"Pecantet, junto al Subsecretario de Deportes Hugo Morel, luego de recibir una menci\u00f3n en la Fiesta del Deporte.","source_text":"","source_url":""},"_links":{"self":[{"href":"https:\/\/todoapulmon-rafaela.com\/index.php\/wp-json\/wp\/v2\/posts\/53733"}],"collection":[{"href":"https:\/\/todoapulmon-rafaela.com\/index.php\/wp-json\/wp\/v2\/posts"}],"about":[{"href":"https:\/\/todoapulmon-rafaela.com\/index.php\/wp-json\/wp\/v2\/types\/post"}],"author":[{"embeddable":true,"href":"https:\/\/todoapulmon-rafaela.com\/index.php\/wp-json\/wp\/v2\/users\/2"}],"replies":[{"embeddable":true,"href":"https:\/\/todoapulmon-rafaela.com\/index.php\/wp-json\/wp\/v2\/comments?post=53733"}],"version-history":[{"count":1,"href":"https:\/\/todoapulmon-rafaela.com\/index.php\/wp-json\/wp\/v2\/posts\/53733\/revisions"}],"predecessor-version":[{"id":53735,"href":"https:\/\/todoapulmon-rafaela.com\/index.php\/wp-json\/wp\/v2\/posts\/53733\/revisions\/53735"}],"wp:featuredmedia":[{"embeddable":true,"href":"https:\/\/todoapulmon-rafaela.com\/index.php\/wp-json\/wp\/v2\/media\/53734"}],"wp:attachment":[{"href":"https:\/\/todoapulmon-rafaela.com\/index.php\/wp-json\/wp\/v2\/media?parent=53733"}],"wp:term":[{"taxonomy":"category","embeddable":true,"href":"https:\/\/todoapulmon-rafaela.com\/index.php\/wp-json\/wp\/v2\/categories?post=53733"},{"taxonomy":"post_tag","embeddable":true,"href":"https:\/\/todoapulmon-rafaela.com\/index.php\/wp-json\/wp\/v2\/tags?post=53733"}],"curies":[{"name":"wp","href":"https:\/\/api.w.org\/{rel}","templated":true}]}}