{"id":53694,"date":"2024-12-18T11:10:48","date_gmt":"2024-12-18T11:10:48","guid":{"rendered":"https:\/\/todoapulmon-rafaela.com\/?p=53694"},"modified":"2024-12-18T11:10:48","modified_gmt":"2024-12-18T11:10:48","slug":"la-arb-realizo-su-fiesta-de-premiacion","status":"publish","type":"post","link":"https:\/\/todoapulmon-rafaela.com\/index.php\/2024\/12\/18\/la-arb-realizo-su-fiesta-de-premiacion\/","title":{"rendered":"La ARB realiz\u00f3 su Fiesta de Premiaci\u00f3n"},"content":{"rendered":"<p>En un colmado Centro Metropolitano La Estaci\u00f3n, la Asociaci\u00f3n Rafaelina de B\u00e1squet realiz\u00f3 este martes la Fiesta de Premiaci\u00f3n 2024, con reconocimientos a los equipos campeones, deportistas destacados, \u00e1rbitros y allegados a la entidad.<\/p>\n<p>El vicepresidente de la ARB, Mauricio Kidonakis tuvo a su cargo el discurso de balance de gesti\u00f3n, el cual fue muy positivo abarcando los aspectos tanto deportivos como institucionales, fundamentalmente por la afiliaci\u00f3n a la CAB.<\/p>\n<p><img loading=\"lazy\" decoding=\"async\" class=\"alignnone size-full wp-image-53696\" src=\"https:\/\/todoapulmon-rafaela.com\/wp-content\/uploads\/2024\/12\/20241217_205229-scaled.jpg\" alt=\"\" width=\"2560\" height=\"1920\" srcset=\"https:\/\/todoapulmon-rafaela.com\/wp-content\/uploads\/2024\/12\/20241217_205229-scaled.jpg 2560w, https:\/\/todoapulmon-rafaela.com\/wp-content\/uploads\/2024\/12\/20241217_205229-300x225.jpg 300w, https:\/\/todoapulmon-rafaela.com\/wp-content\/uploads\/2024\/12\/20241217_205229-2000x1500.jpg 2000w, https:\/\/todoapulmon-rafaela.com\/wp-content\/uploads\/2024\/12\/20241217_205229-1536x1152.jpg 1536w, https:\/\/todoapulmon-rafaela.com\/wp-content\/uploads\/2024\/12\/20241217_205229-2048x1536.jpg 2048w\" sizes=\"(max-width: 2560px) 100vw, 2560px\" \/><\/p>\n<p>Tambi\u00e9n se refiri\u00f3, de cara al a\u00f1o pr\u00f3ximo, en que los torneos \u00abdeber\u00edan comenzar la primera semana de marzo\u00bb.<\/p>\n<p><strong>LOS CAMPEONES PREMIADOS<\/strong><\/p>\n<p>U12: Uni\u00f3n de Sunchales.<\/p>\n<p>U13: 9 de Julio.<\/p>\n<p>U14: Independiente.<\/p>\n<p>U15: Ben Hur.<\/p>\n<p>U17: Atl\u00e9tico de Rafaela.<\/p>\n<p>U21: Independiente.<\/p>\n<p>Primera Divisi\u00f3n: Independiente y Libertad.<\/p>\n<p><img loading=\"lazy\" decoding=\"async\" class=\"alignnone size-full wp-image-53698\" src=\"https:\/\/todoapulmon-rafaela.com\/wp-content\/uploads\/2024\/12\/20241217_205033-scaled.jpg\" alt=\"\" width=\"2560\" height=\"1920\" srcset=\"https:\/\/todoapulmon-rafaela.com\/wp-content\/uploads\/2024\/12\/20241217_205033-scaled.jpg 2560w, https:\/\/todoapulmon-rafaela.com\/wp-content\/uploads\/2024\/12\/20241217_205033-300x225.jpg 300w, https:\/\/todoapulmon-rafaela.com\/wp-content\/uploads\/2024\/12\/20241217_205033-2000x1500.jpg 2000w, https:\/\/todoapulmon-rafaela.com\/wp-content\/uploads\/2024\/12\/20241217_205033-1536x1152.jpg 1536w, https:\/\/todoapulmon-rafaela.com\/wp-content\/uploads\/2024\/12\/20241217_205033-2048x1536.jpg 2048w\" sizes=\"(max-width: 2560px) 100vw, 2560px\" \/><\/p>\n<p><strong>FEMENINO<\/strong><\/p>\n<p>U13: Libertad.<\/p>\n<p>U15: Libertad.<\/p>\n<p>U17: Independiente de Ataliva.<\/p>\n<p>Primera Divisi\u00f3n: Ben Hur.<\/p>\n<p><img loading=\"lazy\" decoding=\"async\" class=\"alignnone size-full wp-image-53703\" src=\"https:\/\/todoapulmon-rafaela.com\/wp-content\/uploads\/2024\/12\/20241217_210956-scaled.jpg\" alt=\"\" width=\"2560\" height=\"1920\" srcset=\"https:\/\/todoapulmon-rafaela.com\/wp-content\/uploads\/2024\/12\/20241217_210956-scaled.jpg 2560w, https:\/\/todoapulmon-rafaela.com\/wp-content\/uploads\/2024\/12\/20241217_210956-300x225.jpg 300w, https:\/\/todoapulmon-rafaela.com\/wp-content\/uploads\/2024\/12\/20241217_210956-2000x1500.jpg 2000w, https:\/\/todoapulmon-rafaela.com\/wp-content\/uploads\/2024\/12\/20241217_210956-1536x1152.jpg 1536w, https:\/\/todoapulmon-rafaela.com\/wp-content\/uploads\/2024\/12\/20241217_210956-2048x1536.jpg 2048w\" sizes=\"(max-width: 2560px) 100vw, 2560px\" \/><\/p>\n<p>Asimismo, hubo reconocimientos a Gino Gramaglia (Ben Hur) y Sof\u00eda Rosso (Libertad) por sus participaciones con las selecciones argentinas U15; para el Colegio de Arbitros; para los equipos seleccionados que jugaron los Provinciales, y para el entrenador Leonardo Barberis por su permanente predisposici\u00f3n.<\/p>\n","protected":false},"excerpt":{"rendered":"<p>En un colmado Centro Metropolitano La Estaci\u00f3n, la Asociaci\u00f3n Rafaelina de B\u00e1squet realiz\u00f3 este martes la Fiesta de Premiaci\u00f3n 2024,<\/p>\n","protected":false},"author":2,"featured_media":53701,"comment_status":"closed","ping_status":"closed","sticky":false,"template":"","format":"standard","meta":{"footnotes":""},"categories":[5,24],"tags":[],"class_list":["post-53694","post","type-post","status-publish","format-standard","has-post-thumbnail","hentry","category-basquet","category-noticias-destacadas"],"cc_featured_image_caption":{"caption_text":"","source_text":"","source_url":""},"_links":{"self":[{"href":"https:\/\/todoapulmon-rafaela.com\/index.php\/wp-json\/wp\/v2\/posts\/53694"}],"collection":[{"href":"https:\/\/todoapulmon-rafaela.com\/index.php\/wp-json\/wp\/v2\/posts"}],"about":[{"href":"https:\/\/todoapulmon-rafaela.com\/index.php\/wp-json\/wp\/v2\/types\/post"}],"author":[{"embeddable":true,"href":"https:\/\/todoapulmon-rafaela.com\/index.php\/wp-json\/wp\/v2\/users\/2"}],"replies":[{"embeddable":true,"href":"https:\/\/todoapulmon-rafaela.com\/index.php\/wp-json\/wp\/v2\/comments?post=53694"}],"version-history":[{"count":2,"href":"https:\/\/todoapulmon-rafaela.com\/index.php\/wp-json\/wp\/v2\/posts\/53694\/revisions"}],"predecessor-version":[{"id":53704,"href":"https:\/\/todoapulmon-rafaela.com\/index.php\/wp-json\/wp\/v2\/posts\/53694\/revisions\/53704"}],"wp:featuredmedia":[{"embeddable":true,"href":"https:\/\/todoapulmon-rafaela.com\/index.php\/wp-json\/wp\/v2\/media\/53701"}],"wp:attachment":[{"href":"https:\/\/todoapulmon-rafaela.com\/index.php\/wp-json\/wp\/v2\/media?parent=53694"}],"wp:term":[{"taxonomy":"category","embeddable":true,"href":"https:\/\/todoapulmon-rafaela.com\/index.php\/wp-json\/wp\/v2\/categories?post=53694"},{"taxonomy":"post_tag","embeddable":true,"href":"https:\/\/todoapulmon-rafaela.com\/index.php\/wp-json\/wp\/v2\/tags?post=53694"}],"curies":[{"name":"wp","href":"https:\/\/api.w.org\/{rel}","templated":true}]}}