{"id":5362,"date":"2017-03-28T13:41:52","date_gmt":"2017-03-28T13:41:52","guid":{"rendered":"http:\/\/todoapulmon-rafaela.com\/?p=5362"},"modified":"2017-03-28T13:41:52","modified_gmt":"2017-03-28T13:41:52","slug":"siete-rafaelinos-a-chile-para-el-maraton-de-santiago","status":"publish","type":"post","link":"https:\/\/todoapulmon-rafaela.com\/index.php\/2017\/03\/28\/siete-rafaelinos-a-chile-para-el-maraton-de-santiago\/","title":{"rendered":"Siete rafaelinos a Chile para el marat\u00f3n de Santiago"},"content":{"rendered":"<p>El pr\u00f3ximo domingo 2 de abril se realizar\u00e1 en Santiago, la capital chilena, el marat\u00f3n m\u00e1s importante del pa\u00eds trasandino. La prueba contar\u00e1 con la presencia de una delegaci\u00f3n de siete runners de Rafaela.<\/p>\n<p>El grupo est\u00e1 conformado por Diego Brusco, Mariana Pairetti, Adri\u00e1n Sanmartino, Gustavo Porporatto, Dar\u00edo Ghiberto, Silvina Allassia y Mar\u00eda Marta Arnold, que estar\u00e1n cumpliendo el recorrido mayor.<\/p>\n<p>De los 30 mil inscriptos (cupos agostados hace un mes), hay 6.132 en marat\u00f3n, 13.000 en media marat\u00f3n y 10.868 en 10K. De estos, el 64% corresponde a hombres, mientras que el 36% a mujeres.<\/p>\n<p>Por otra parte, se destaca el aumento en el n\u00famero de anotados de los cinco continentes. En 2016 hubo casi 3.200 y para esta versi\u00f3n son 4.210. Entre los pa\u00edses con m\u00e1s participantes est\u00e1n: Brasil (2.371), Argentina (788), Venezuela (315), Per\u00fa (173) y Espa\u00f1a (144).<\/p>\n","protected":false},"excerpt":{"rendered":"<p>El pr\u00f3ximo domingo 2 de abril se realizar\u00e1 en Santiago, la capital chilena, el marat\u00f3n m\u00e1s importante del pa\u00eds trasandino.<\/p>\n","protected":false},"author":2,"featured_media":5363,"comment_status":"open","ping_status":"open","sticky":false,"template":"","format":"standard","meta":{"footnotes":""},"categories":[7,24],"tags":[],"class_list":["post-5362","post","type-post","status-publish","format-standard","has-post-thumbnail","hentry","category-atletismo","category-noticias-destacadas"],"cc_featured_image_caption":{"caption_text":"Una de las im\u00e1genes a\u00e9reas de las pasadas ediciones de la competencia.","source_text":"","source_url":""},"_links":{"self":[{"href":"https:\/\/todoapulmon-rafaela.com\/index.php\/wp-json\/wp\/v2\/posts\/5362"}],"collection":[{"href":"https:\/\/todoapulmon-rafaela.com\/index.php\/wp-json\/wp\/v2\/posts"}],"about":[{"href":"https:\/\/todoapulmon-rafaela.com\/index.php\/wp-json\/wp\/v2\/types\/post"}],"author":[{"embeddable":true,"href":"https:\/\/todoapulmon-rafaela.com\/index.php\/wp-json\/wp\/v2\/users\/2"}],"replies":[{"embeddable":true,"href":"https:\/\/todoapulmon-rafaela.com\/index.php\/wp-json\/wp\/v2\/comments?post=5362"}],"version-history":[{"count":1,"href":"https:\/\/todoapulmon-rafaela.com\/index.php\/wp-json\/wp\/v2\/posts\/5362\/revisions"}],"predecessor-version":[{"id":5364,"href":"https:\/\/todoapulmon-rafaela.com\/index.php\/wp-json\/wp\/v2\/posts\/5362\/revisions\/5364"}],"wp:featuredmedia":[{"embeddable":true,"href":"https:\/\/todoapulmon-rafaela.com\/index.php\/wp-json\/wp\/v2\/media\/5363"}],"wp:attachment":[{"href":"https:\/\/todoapulmon-rafaela.com\/index.php\/wp-json\/wp\/v2\/media?parent=5362"}],"wp:term":[{"taxonomy":"category","embeddable":true,"href":"https:\/\/todoapulmon-rafaela.com\/index.php\/wp-json\/wp\/v2\/categories?post=5362"},{"taxonomy":"post_tag","embeddable":true,"href":"https:\/\/todoapulmon-rafaela.com\/index.php\/wp-json\/wp\/v2\/tags?post=5362"}],"curies":[{"name":"wp","href":"https:\/\/api.w.org\/{rel}","templated":true}]}}