{"id":53616,"date":"2024-12-14T10:46:26","date_gmt":"2024-12-14T10:46:26","guid":{"rendered":"https:\/\/todoapulmon-rafaela.com\/?p=53616"},"modified":"2024-12-14T10:46:26","modified_gmt":"2024-12-14T10:46:26","slug":"candela-gentinetta-fue-reconocida-en-la-gala-del-comite-olimpico-argentino","status":"publish","type":"post","link":"https:\/\/todoapulmon-rafaela.com\/index.php\/2024\/12\/14\/candela-gentinetta-fue-reconocida-en-la-gala-del-comite-olimpico-argentino\/","title":{"rendered":"Candela Gentinetta fue reconocida en la Gala del Comit\u00e9 Ol\u00edmpico Argentino"},"content":{"rendered":"<p>En el sal\u00f3n Manuel Belgrano de la Bolsa de Cereales tuvo lugar la Gala Ol\u00edmpica 2024 en la que el Comit\u00e9 Ol\u00edmpico Argentino (COA) reuni\u00f3, como cada a\u00f1o, a atletas, dirigentes, funcionarios, periodistas, patrocinadores e invitados especiales.<\/p>\n<p>La celebraci\u00f3n estuvo dedicada al reconocimiento de los deportistas y al festejo de los 100 a\u00f1os de la primera participaci\u00f3n argentina en los Juegos Ol\u00edmpicos.<\/p>\n<p>La rafaelina Candela Gentinetta fue una de las premiadas, su segunda distinci\u00f3n en la semana ya que ven\u00eda de recibir el premio \u00abJorge Newbery\u00bb.<\/p>\n<p>Los Premios Centenario distinguen a los atletas que durante el presente a\u00f1o tuvieron un sobresaliente desempe\u00f1o deportivo. Para ello el COA convoc\u00f3 a sus Federaciones Nacionales afiliadas a postular a 1 (un) atleta masculino y 1 (una) atleta femenina que hubieran tenido una destacada actuaci\u00f3n durante su participaci\u00f3n en los Juegos Ol\u00edmpicos Paris 2024 o, en su defecto, en el evento internacional o nacional m\u00e1s importante del a\u00f1o calendario federativo.<\/p>\n<p>A continuaci\u00f3n, el listado se los deportistas que recibieron el Premio Centenario 2024:<\/p>\n<p><strong>Mar\u00eda Jos\u00e9 Campos\u00a0<\/strong>y\u00a0<strong>Lucas Coro\u00a0<\/strong>(Ajedrez),<\/p>\n<p><strong>Florencia Borelli\u00a0<\/strong>y\u00a0<strong>Eli\u00e1n Larregina\u00a0<\/strong>(Atletismo),<\/p>\n<p><strong>Iona Gualdi\u00a0<\/strong>y\u00a0<strong>Santiago Otero\u00a0<\/strong>(B\u00e1dminton),<\/p>\n<p><strong>Candela Gentinetta<\/strong>\u00a0y\u00a0<strong>Jos\u00e9 Vildoza (<\/strong>B\u00e1squetbol),<\/p>\n<p><strong>Mora Cassis\u00a0<\/strong>y\u00a0<strong>Jacinto Cipriota\u00a0<\/strong>(B\u00e9isbol),<\/p>\n<p><strong>Soledad Ayala<\/strong>\u00a0y\u00a0<strong>Valentino Gabriel Oliveto<\/strong>\u00a0(Billar),<\/p>\n<p><strong>Agostina Erhardt\u00a0<\/strong>y\u00a0<strong>Nicolas Peralta\u00a0<\/strong>(Boxeo),<\/p>\n<p><strong>Maria Cecilia Previde\u00a0<\/strong>y\u00a0<strong>Agustin Nicolas Madala\u00a0<\/strong>(Bridge),<\/p>\n<p><strong>Brenda Rojas\u00a0<\/strong>y\u00a0<strong>Agust\u00edn Vernice<\/strong>\u00a0(Canotaje),<\/p>\n<p><strong>Candela Cicchinelli\u00a0<\/strong>y\u00a0<strong>Lionel Tijera\u00a0<\/strong>(Cestoball),<\/p>\n<p><strong>Maribel Roxana Aguirre Mangue<\/strong>\u00a0y\u00a0<strong>Jos\u00e9 Augusto Torres Gil<\/strong>\u00a0(Ciclismo),<\/p>\n<p><strong>Ludmila Montero\u00a0<\/strong>y\u00a0los hermanos<strong>\u00a0Rinaldi &#8211; Konstantinides\u00a0<\/strong>(Colomb\u00f3fila),<\/p>\n<p><strong>Albertina Gal\u00e1n\u00a0<\/strong>y\u00a0<strong>Pedro Bar\u00f3n<\/strong>\u00a0(Cricket),<\/p>\n<p><strong>Macarena Ceballos<\/strong>\u00a0y<strong>\u00a0Ulises Saravia<\/strong>\u00a0(Deportes Acu\u00e1ticos),<\/p>\n<p><strong>Guadalupe Angiolini\u00a0<\/strong>y\u00a0<strong>Ulises Cazau\u00a0<\/strong>(Deporte Escolar),<\/p>\n<p><strong>Julieta Lamm\u00a0<\/strong>y\u00a0<strong>Ezequiel Krivulin\u00a0<\/strong>(Deportes Macabeos).<\/p>\n<p><img loading=\"lazy\" decoding=\"async\" class=\"alignnone size-full wp-image-53618\" src=\"https:\/\/todoapulmon-rafaela.com\/wp-content\/uploads\/2024\/12\/3f812810a8749a1858d4e39b8ff9332c_L.jpg\" alt=\"\" width=\"300\" height=\"200\" \/><\/p>\n<p><strong>Bel\u00e9n Lahoz\u00a0<\/strong>y\u00a0<strong>M\u00e1ximo Cabrera\u00a0<\/strong>(Deporte Universitario),<\/p>\n<p><strong>Natasha Arrizabalaga\u00a0<\/strong>y\u00a0<strong>Jos\u00e9 Mar\u00eda Larocca\u00a0<\/strong>(Equitaci\u00f3n),<\/p>\n<p><strong>Isabel\u00a0<\/strong>y<strong>\u00a0Pascual Di Tella<\/strong>\u00a0(Esgrima),<\/p>\n<p><strong>Eugenia De Armas<\/strong>\u00a0y\u00a0<strong>Tob\u00edas Giorgis<\/strong>\u00a0(Esqu\u00ed N\u00e1utico y Wakeaboard),<\/p>\n<p><strong>Mora V\u00e9liz\u00a0<\/strong>y\u00a0<strong>Nahuel Verner<\/strong>\u00a0(Faustball),<\/p>\n<p><strong>Mia Mainardi<\/strong>\u00a0y\u00a0<strong>Santiago Ferrari\u00a0<\/strong>(Gimnasia),<\/p>\n<p><strong>Giuliana Gavil\u00e1n\u00a0<\/strong>y<strong>\u00a0Federico Fern\u00e1ndez (<\/strong>Handball),<\/p>\n<p><strong>Roc\u00edo S\u00e1nchez Moccia\u00a0<\/strong>y<strong>\u00a0Agust\u00edn Mazzilli\u00a0<\/strong>(Hockey sobre c\u00e9sped),<\/p>\n<p><strong>Florencia Guti\u00e9rrez<\/strong>\u00a0y<strong>\u00a0Francisco Garc\u00eda\u00a0<\/strong>(Hockey sobre hielo),<\/p>\n<p><strong>Sof\u00eda Fiora\u00a0<\/strong>y\u00a0<strong>Mariano Coto Bersier<\/strong>\u00a0(Judo),<\/p>\n<p><strong>Ayl\u00e9n Yard\u00edn\u00a0<\/strong>y\u00a0<strong>Kev\u00edn Joaqu\u00edn Molina Santill\u00e1n\u00a0<\/strong>(Karate),<\/p>\n<p><strong>Linda Machuca\u00a0<\/strong>y<strong>\u00a0Agust\u00edn Destribats<\/strong>\u00a0(Lucha),<\/p>\n<p><strong>Mar\u00eda Magdalena P\u00e9rez Londra\u00a0<\/strong>y\u00a0<strong>Erik Caplan\u00a0<\/strong>(Netball),<\/p>\n<p><strong>Delfina Brea y Agust\u00edn Tapia<\/strong>\u00a0(P\u00e1del),<\/p>\n<p><strong>Betina del Valle Azugna<\/strong>\u00a0y\u00a0<strong>Marcos Iv\u00e1n Abel Darman<\/strong>\u00a0(Paracaidismo)<\/p>\n<p><strong>Martina Della Chiesa<\/strong>\u00a0y\u00a0<strong>Mat\u00edas Del Ollio\u00a0<\/strong>(Pat\u00edn),<\/p>\n<p><strong>Mar\u00eda Lis Garc\u00eda Calder\u00f3n\u00a0<\/strong>y\u00a0<strong>Federico Fern\u00e1ndez<\/strong>\u00a0(Pelota),<\/p>\n<p><strong>Martina Armanazqui\u00a0<\/strong>y\u00a0<strong>Franco Serrano<\/strong>\u00a0(Pentathlon Moderno),<\/p>\n<p><strong>Mar\u00eda Paz Casadevall\u00a0<\/strong>y<strong>\u00a0Domingo Mesa<\/strong>\u00a0(Pesas),<\/p>\n<p><strong>Candela Fern\u00e1ndez Araujo\u00a0<\/strong>y<strong>\u00a0Rufino Laulhe\u00a0<\/strong>(Polo),<\/p>\n<p><strong>Mar\u00eda Jos\u00e9 Vargas Parada<\/strong>\u00a0y\u00a0<strong>Diego Garc\u00eda Quispe<\/strong>\u00a0(Raquetball),<\/p>\n<p><strong>Evelyn Silvestro<\/strong>\u00a0y<strong>\u00a0Alejandro Colomino<\/strong>\u00a0(Remo),<\/p>\n<p><strong>Virginia Brigido\u00a0<\/strong>y\u00a0<strong>Joaquin Pellandini\u00a0<\/strong>(Rugby),<\/p>\n<p><strong>Valentina Aguado\u00a0<\/strong>y\u00a0<strong>Nicol\u00e1s Quintero\u00a0<\/strong>(Ski y Andinismo),<\/p>\n<p><strong>Mariana Gorosito\u00a0<\/strong>y<strong>\u00a0Teo Migliavacca Skladny\u00a0<\/strong>(S\u00f3ftbol),<\/p>\n<p><strong>Paula Rivero\u00a0<\/strong>y\u00a0<strong>Leandro Romiglio<\/strong>\u00a0(Squash),<\/p>\n<p><strong>Vera Jarisz\u00a0<\/strong>y\u00a0<strong>Franco Radziunas\u00a0<\/strong>(Surf),<\/p>\n<p><strong>Victoria Rivas\u00a0<\/strong>y\u00a0<strong>Lucas Guzm\u00e1n<\/strong>\u00a0(Taekwondo),<\/p>\n<p><strong>Lourdes Carl\u00e9\u00a0<\/strong>y<strong>\u00a0Sebasti\u00e1n B\u00e1ez\u00a0<\/strong>(Tenis),<\/p>\n<p><strong>Ana Codina\u00a0<\/strong>y<strong>\u00a0Santiago Lorenzo<\/strong>\u00a0(Tenis de Mesa),<\/p>\n<p><strong>Fernanda Russo<\/strong>\u00a0y\u00a0<strong>Juli\u00e1n Guti\u00e9rrez<\/strong>\u00a0(Tiro),<\/p>\n<p><strong>Alma Pueyo L\u00f3pez\u00a0<\/strong>y<strong>\u00a0Dami\u00e1n Jajarabilla\u00a0<\/strong>(Tiro con Arco),<\/p>\n<p><strong>Romina Biagioli<\/strong>\u00a0y\u00a0<strong>Tiago Mu\u00f1oz<\/strong>\u00a0(Triatl\u00f3n),<\/p>\n<p><strong>Bianca Farriol\u00a0<\/strong>y<strong>\u00a0Bautista Amieva\u00a0<\/strong>(Voleibol),<\/p>\n<p><strong>Sabrina Detoma\u00a0<\/strong>y<strong>\u00a0Federico D\u00edaz\u00a0<\/strong>(Wushu) y <strong>Eugenia Bosco<\/strong>\u00a0y<strong>\u00a0Mateo Majdalani\u00a0<\/strong>(Yachting).<\/p>\n<p>De entre los deportistas destacados en cada deporte, el Comit\u00e9 Ol\u00edmpico Argentino premi\u00f3 al campe\u00f3n ol\u00edmpico\u00a0<strong>Jos\u00e9 \u201cMaligno\u201d Torres Gil,\u00a0<\/strong>quien envi\u00f3 un video desde el aeropuerto de Ezeiza ya que estaba a punto de abordar para competir en el Mundial de Abudabi , recibi\u00f3 en su nombre\u00a0<strong>Jorge Chica<\/strong>, presiente de la Uni\u00f3n ciclista de l arep\u00fablica Argentina, y a la medallista de plata en vela\u00a0<strong>Eugenia Bosco<\/strong>, ambos abanderados de la Ceremonia de Clausura de Paris 2024, con la distinci\u00f3n\u00a0<strong>\u201cMejores Deportistas del a\u00f1o\u201d<\/strong>.<\/p>\n","protected":false},"excerpt":{"rendered":"<p>En el sal\u00f3n Manuel Belgrano de la Bolsa de Cereales tuvo lugar la Gala Ol\u00edmpica 2024 en la que el<\/p>\n","protected":false},"author":2,"featured_media":53617,"comment_status":"closed","ping_status":"closed","sticky":false,"template":"","format":"standard","meta":{"footnotes":""},"categories":[5,24],"tags":[],"class_list":["post-53616","post","type-post","status-publish","format-standard","has-post-thumbnail","hentry","category-basquet","category-noticias-destacadas"],"cc_featured_image_caption":{"caption_text":"Foto COA","source_text":"","source_url":""},"_links":{"self":[{"href":"https:\/\/todoapulmon-rafaela.com\/index.php\/wp-json\/wp\/v2\/posts\/53616"}],"collection":[{"href":"https:\/\/todoapulmon-rafaela.com\/index.php\/wp-json\/wp\/v2\/posts"}],"about":[{"href":"https:\/\/todoapulmon-rafaela.com\/index.php\/wp-json\/wp\/v2\/types\/post"}],"author":[{"embeddable":true,"href":"https:\/\/todoapulmon-rafaela.com\/index.php\/wp-json\/wp\/v2\/users\/2"}],"replies":[{"embeddable":true,"href":"https:\/\/todoapulmon-rafaela.com\/index.php\/wp-json\/wp\/v2\/comments?post=53616"}],"version-history":[{"count":1,"href":"https:\/\/todoapulmon-rafaela.com\/index.php\/wp-json\/wp\/v2\/posts\/53616\/revisions"}],"predecessor-version":[{"id":53619,"href":"https:\/\/todoapulmon-rafaela.com\/index.php\/wp-json\/wp\/v2\/posts\/53616\/revisions\/53619"}],"wp:featuredmedia":[{"embeddable":true,"href":"https:\/\/todoapulmon-rafaela.com\/index.php\/wp-json\/wp\/v2\/media\/53617"}],"wp:attachment":[{"href":"https:\/\/todoapulmon-rafaela.com\/index.php\/wp-json\/wp\/v2\/media?parent=53616"}],"wp:term":[{"taxonomy":"category","embeddable":true,"href":"https:\/\/todoapulmon-rafaela.com\/index.php\/wp-json\/wp\/v2\/categories?post=53616"},{"taxonomy":"post_tag","embeddable":true,"href":"https:\/\/todoapulmon-rafaela.com\/index.php\/wp-json\/wp\/v2\/tags?post=53616"}],"curies":[{"name":"wp","href":"https:\/\/api.w.org\/{rel}","templated":true}]}}