{"id":5359,"date":"2017-03-28T12:14:54","date_gmt":"2017-03-28T12:14:54","guid":{"rendered":"http:\/\/todoapulmon-rafaela.com\/?p=5359"},"modified":"2017-03-28T12:14:54","modified_gmt":"2017-03-28T12:14:54","slug":"ben-hur-con-tres-categorias-en-provinciales-de-formativas","status":"publish","type":"post","link":"https:\/\/todoapulmon-rafaela.com\/index.php\/2017\/03\/28\/ben-hur-con-tres-categorias-en-provinciales-de-formativas\/","title":{"rendered":"Ben Hur con tres categor\u00edas en Provinciales de Formativas"},"content":{"rendered":"<p class=\"x_MsoNormal\">La Subcomisi\u00f3n de B\u00e1squet Masculino de Ben Hur confirm\u00f3 la participaci\u00f3n de tres categor\u00edas en los torneos provinciales de clubes.<\/p>\n<p class=\"x_MsoNormal\">Despu\u00e9s de varias temporadas, el Lobo participar\u00e1 con tres divisiones en los torneos organizados por la Federaci\u00f3n de B\u00e1squet de Santa Fe. En esta edici\u00f3n, los equipos U13, U15 y U17 ser\u00e1n quienes representar\u00e1n a BH.<\/p>\n<p class=\"x_MsoNormal\">La primera etapa clasificatoria donde se enfrentar\u00e1n, cada zona, en partidos de ida y vuelta comenzar\u00e1 entre los meses de mayo y junio, seg\u00fan la categor\u00eda. Este ser\u00e1 el cronograma inicial para cada divisi\u00f3n.<\/p>\n<p class=\"x_MsoNormal\">\u00a0<b>&#8211; Categor\u00eda U13:<\/b> Ida 3 y 4 de junio. Vuelta 1 y 2 de julio.<\/p>\n<p class=\"x_MsoNormal\"><b>&#8211; Categor\u00eda U15:<\/b> Ida 24 y 25 de junio. Vuelta 29 y 30 de julio.<\/p>\n<p class=\"x_MsoNormal\"><b>&#8211; Categor\u00eda U17:<\/b> Ida 13 y 14 de mayo. Vuelta 27 y 28 de mayo.<\/p>\n","protected":false},"excerpt":{"rendered":"<p>La Subcomisi\u00f3n de B\u00e1squet Masculino de Ben Hur confirm\u00f3 la participaci\u00f3n de tres categor\u00edas en los torneos provinciales de clubes.<\/p>\n","protected":false},"author":2,"featured_media":5360,"comment_status":"open","ping_status":"open","sticky":false,"template":"","format":"standard","meta":{"footnotes":""},"categories":[5],"tags":[],"class_list":["post-5359","post","type-post","status-publish","format-standard","has-post-thumbnail","hentry","category-basquet"],"cc_featured_image_caption":{"caption_text":"Ben Hur tendr\u00e1 participaci\u00f3n en tres categor\u00edas en los Provinciales de clubes. (Foto prensa Ben Hur).","source_text":"","source_url":""},"_links":{"self":[{"href":"https:\/\/todoapulmon-rafaela.com\/index.php\/wp-json\/wp\/v2\/posts\/5359"}],"collection":[{"href":"https:\/\/todoapulmon-rafaela.com\/index.php\/wp-json\/wp\/v2\/posts"}],"about":[{"href":"https:\/\/todoapulmon-rafaela.com\/index.php\/wp-json\/wp\/v2\/types\/post"}],"author":[{"embeddable":true,"href":"https:\/\/todoapulmon-rafaela.com\/index.php\/wp-json\/wp\/v2\/users\/2"}],"replies":[{"embeddable":true,"href":"https:\/\/todoapulmon-rafaela.com\/index.php\/wp-json\/wp\/v2\/comments?post=5359"}],"version-history":[{"count":1,"href":"https:\/\/todoapulmon-rafaela.com\/index.php\/wp-json\/wp\/v2\/posts\/5359\/revisions"}],"predecessor-version":[{"id":5361,"href":"https:\/\/todoapulmon-rafaela.com\/index.php\/wp-json\/wp\/v2\/posts\/5359\/revisions\/5361"}],"wp:featuredmedia":[{"embeddable":true,"href":"https:\/\/todoapulmon-rafaela.com\/index.php\/wp-json\/wp\/v2\/media\/5360"}],"wp:attachment":[{"href":"https:\/\/todoapulmon-rafaela.com\/index.php\/wp-json\/wp\/v2\/media?parent=5359"}],"wp:term":[{"taxonomy":"category","embeddable":true,"href":"https:\/\/todoapulmon-rafaela.com\/index.php\/wp-json\/wp\/v2\/categories?post=5359"},{"taxonomy":"post_tag","embeddable":true,"href":"https:\/\/todoapulmon-rafaela.com\/index.php\/wp-json\/wp\/v2\/tags?post=5359"}],"curies":[{"name":"wp","href":"https:\/\/api.w.org\/{rel}","templated":true}]}}