{"id":53588,"date":"2024-12-13T11:25:35","date_gmt":"2024-12-13T11:25:35","guid":{"rendered":"https:\/\/todoapulmon-rafaela.com\/?p=53588"},"modified":"2024-12-13T11:28:09","modified_gmt":"2024-12-13T11:28:09","slug":"juvenil-de-crar-a-una-concentracion-uar-m17","status":"publish","type":"post","link":"https:\/\/todoapulmon-rafaela.com\/index.php\/2024\/12\/13\/juvenil-de-crar-a-una-concentracion-uar-m17\/","title":{"rendered":"Juvenil de CRAR a una concentraci\u00f3n UAR M17"},"content":{"rendered":"<p>A trav\u00e9s de una notificaci\u00f3n llegada a la Uni\u00f3n Santafesina de Rugby se conoci\u00f3 una feliz noticia para uno de los juveniles de CRAR que tuvieron reciente participaci\u00f3n en el Argentino M17.<\/p>\n<p>Se trata de Federico Narv\u00e1ez, uno de los forwards, que fue citado para la concentraci\u00f3n nacional de esta categor\u00eda programada por la UAR, entre los d\u00edas 15 y 17 de diciembre en Alta Gracia, C\u00f3rdoba.<\/p>\n<p><img loading=\"lazy\" decoding=\"async\" class=\"size-full wp-image-53595\" src=\"https:\/\/todoapulmon-rafaela.com\/wp-content\/uploads\/2024\/12\/Picsart_24-12-13_08-06-27-099-scaled.jpg\" alt=\"\" width=\"2560\" height=\"2560\" srcset=\"https:\/\/todoapulmon-rafaela.com\/wp-content\/uploads\/2024\/12\/Picsart_24-12-13_08-06-27-099-scaled.jpg 2560w, https:\/\/todoapulmon-rafaela.com\/wp-content\/uploads\/2024\/12\/Picsart_24-12-13_08-06-27-099-300x300.jpg 300w, https:\/\/todoapulmon-rafaela.com\/wp-content\/uploads\/2024\/12\/Picsart_24-12-13_08-06-27-099-1500x1500.jpg 1500w, https:\/\/todoapulmon-rafaela.com\/wp-content\/uploads\/2024\/12\/Picsart_24-12-13_08-06-27-099-150x150.jpg 150w, https:\/\/todoapulmon-rafaela.com\/wp-content\/uploads\/2024\/12\/Picsart_24-12-13_08-06-27-099-1536x1536.jpg 1536w, https:\/\/todoapulmon-rafaela.com\/wp-content\/uploads\/2024\/12\/Picsart_24-12-13_08-06-27-099-2048x2048.jpg 2048w\" sizes=\"(max-width: 2560px) 100vw, 2560px\" \/><\/p>\n<p>Narv\u00e1ez, que es categor\u00eda 2008, es uno de los siete convocados de la USR que estar\u00e1n en la localidad cordobesa.<\/p>\n<p>Recordemos que Santa Fe tuvo un buen Argentino, culminando en la quinta posici\u00f3n.<\/p>\n","protected":false},"excerpt":{"rendered":"<p>A trav\u00e9s de una notificaci\u00f3n llegada a la Uni\u00f3n Santafesina de Rugby se conoci\u00f3 una feliz noticia para uno de<\/p>\n","protected":false},"author":2,"featured_media":53596,"comment_status":"closed","ping_status":"closed","sticky":false,"template":"","format":"standard","meta":{"footnotes":""},"categories":[24,2],"tags":[],"class_list":["post-53588","post","type-post","status-publish","format-standard","has-post-thumbnail","hentry","category-noticias-destacadas","category-rugby"],"cc_featured_image_caption":{"caption_text":"","source_text":"","source_url":""},"_links":{"self":[{"href":"https:\/\/todoapulmon-rafaela.com\/index.php\/wp-json\/wp\/v2\/posts\/53588"}],"collection":[{"href":"https:\/\/todoapulmon-rafaela.com\/index.php\/wp-json\/wp\/v2\/posts"}],"about":[{"href":"https:\/\/todoapulmon-rafaela.com\/index.php\/wp-json\/wp\/v2\/types\/post"}],"author":[{"embeddable":true,"href":"https:\/\/todoapulmon-rafaela.com\/index.php\/wp-json\/wp\/v2\/users\/2"}],"replies":[{"embeddable":true,"href":"https:\/\/todoapulmon-rafaela.com\/index.php\/wp-json\/wp\/v2\/comments?post=53588"}],"version-history":[{"count":5,"href":"https:\/\/todoapulmon-rafaela.com\/index.php\/wp-json\/wp\/v2\/posts\/53588\/revisions"}],"predecessor-version":[{"id":53600,"href":"https:\/\/todoapulmon-rafaela.com\/index.php\/wp-json\/wp\/v2\/posts\/53588\/revisions\/53600"}],"wp:featuredmedia":[{"embeddable":true,"href":"https:\/\/todoapulmon-rafaela.com\/index.php\/wp-json\/wp\/v2\/media\/53596"}],"wp:attachment":[{"href":"https:\/\/todoapulmon-rafaela.com\/index.php\/wp-json\/wp\/v2\/media?parent=53588"}],"wp:term":[{"taxonomy":"category","embeddable":true,"href":"https:\/\/todoapulmon-rafaela.com\/index.php\/wp-json\/wp\/v2\/categories?post=53588"},{"taxonomy":"post_tag","embeddable":true,"href":"https:\/\/todoapulmon-rafaela.com\/index.php\/wp-json\/wp\/v2\/tags?post=53588"}],"curies":[{"name":"wp","href":"https:\/\/api.w.org\/{rel}","templated":true}]}}