{"id":53539,"date":"2024-12-10T11:57:16","date_gmt":"2024-12-10T11:57:16","guid":{"rendered":"https:\/\/todoapulmon-rafaela.com\/?p=53539"},"modified":"2024-12-10T11:57:16","modified_gmt":"2024-12-10T11:57:16","slug":"me-senti-muy-bien-durante-toda-la-carrera","status":"publish","type":"post","link":"https:\/\/todoapulmon-rafaela.com\/index.php\/2024\/12\/10\/me-senti-muy-bien-durante-toda-la-carrera\/","title":{"rendered":"\u00abMe sent\u00ed muy bien durante toda la carrera\u00bb"},"content":{"rendered":"<p>La medalla de bronce lograda por Sof\u00eda Fregona en el Sudamericano U18 en los 2.000 metros con obst\u00e1culos fue una hermosa sorpresa, un regalo inesperado y un merecido premio para la juvenil atleta y todo el equipo de trabajo de los entrenadores de CRAS, Ariel Magallanes y Roc\u00edo Donnet, que incluy\u00f3 tambi\u00e9n en el torneo internacional a las marchistas Leonela L\u00f3pez y Magal\u00ed Allassia, que igualmente tuvieron su estreno internacional con meritorias performances.<\/p>\n<p>Luego de un a\u00f1o tan largo, ya que este campeonato se realiz\u00f3 en una fecha desacostumbrada en los calendarios, la evoluci\u00f3n de Sofi fue excelente, bajando 14 segundos su mejor registro. \u00abEse d\u00eda estaba bastante nerviosa en un principio, pero ten\u00eda muchas ganas y estaba muy emocionada por estar ah\u00ed. En el momento de la carrera ten\u00eda ganas de disfrutarla, lo hice, nada de lo que me suele pasar porque suelo estar muy nerviosa a\u00fan en carrera, pero la verdad que me me llevo la experiencia sobre todo\u00bb, mencion\u00f3 en un comienzo sobre sus sensaciones.<\/p>\n<p><img loading=\"lazy\" decoding=\"async\" class=\"alignnone size-full wp-image-53542\" src=\"https:\/\/todoapulmon-rafaela.com\/wp-content\/uploads\/2024\/12\/20241209_174258-scaled.jpg\" alt=\"\" width=\"2560\" height=\"1920\" srcset=\"https:\/\/todoapulmon-rafaela.com\/wp-content\/uploads\/2024\/12\/20241209_174258-scaled.jpg 2560w, https:\/\/todoapulmon-rafaela.com\/wp-content\/uploads\/2024\/12\/20241209_174258-300x225.jpg 300w, https:\/\/todoapulmon-rafaela.com\/wp-content\/uploads\/2024\/12\/20241209_174258-2000x1500.jpg 2000w, https:\/\/todoapulmon-rafaela.com\/wp-content\/uploads\/2024\/12\/20241209_174258-1536x1152.jpg 1536w, https:\/\/todoapulmon-rafaela.com\/wp-content\/uploads\/2024\/12\/20241209_174258-2048x1536.jpg 2048w\" sizes=\"(max-width: 2560px) 100vw, 2560px\" \/><\/p>\n<p>Sobre el desarrollo y especialmente el desenlace de la competencia, manifest\u00f3 que \u00abme sent\u00ed muy bien durante la carrera, pero nunca esper\u00e9 estar entre las primeras, sal\u00ed por las \u00faltimas y empec\u00e9 a correr y a pasar chicas, y no me daba cuenta, hasta que en la \u00faltima vuelta me di cuenta que estaba entre las cuatro o cinco primeras y ah\u00ed aceleramos todo lo que se pudo para ganar la medalla\u00bb.<\/p>\n<p>Su compa\u00f1era Leonela, en tanto, expres\u00f3 sobre la competencia de marcha que tuvo el viernes, donde finaliz\u00f3 quinta, que \u00abfue una carrera bastante dura por el viento porque estaba muy fuerte, pero lo pudimos disfrutar y darlo todo hasta el final, as\u00ed que tambi\u00e9n muy contenta\u00bb.<\/p>\n<p>OBJETIVOS Y PLANIFICACIONES SUPERADAS<\/p>\n<p>Tambi\u00e9n dialogamos con los entrenadores que explicaron el proceso que desemboc\u00f3 en esta frutillita del postre en San Luis.<\/p>\n<p>Ariel describi\u00f3 que\u00a0\u00abLo ven\u00edamos hablando y planificando desde 2023, cuando se establecieron los objetivos. Especialmente alcanzaban a Maggi y Leo, sab\u00edamos que pod\u00edan tener chances de tener las marcas para un Sudamericano. Sobre todo con Maggi y con Leo era intentarlo, es su primer a\u00f1o U18, si no lo lograba no hab\u00eda nada que habia lamentar, asi que fue un agregado extra su convocatoria.<\/p>\n<p><img loading=\"lazy\" decoding=\"async\" class=\"alignnone size-full wp-image-53543\" src=\"https:\/\/todoapulmon-rafaela.com\/wp-content\/uploads\/2024\/12\/20241209_174309-scaled.jpg\" alt=\"\" width=\"2560\" height=\"1920\" srcset=\"https:\/\/todoapulmon-rafaela.com\/wp-content\/uploads\/2024\/12\/20241209_174309-scaled.jpg 2560w, https:\/\/todoapulmon-rafaela.com\/wp-content\/uploads\/2024\/12\/20241209_174309-300x225.jpg 300w, https:\/\/todoapulmon-rafaela.com\/wp-content\/uploads\/2024\/12\/20241209_174309-2000x1500.jpg 2000w, https:\/\/todoapulmon-rafaela.com\/wp-content\/uploads\/2024\/12\/20241209_174309-1536x1152.jpg 1536w, https:\/\/todoapulmon-rafaela.com\/wp-content\/uploads\/2024\/12\/20241209_174309-2048x1536.jpg 2048w\" sizes=\"(max-width: 2560px) 100vw, 2560px\" \/><\/p>\n<p>\u00abLo de Sofi fue totalmente diferente en el planteo, fue con marcas que lo que hizo el s\u00e1bado en obst\u00e1culos lo hab\u00edamos puesto aun mas lento en el llano. Estuvo muy por encima de las pretensiones, sobre todo porque es una chica que est\u00e1 en su primer a\u00f1o en las pruebas de fondo, viene de otro tipo de pruebas como triple, 295 con vallas y se fue formando en esas competencias. Pero vimos que podia tener condiciones, le dijimos que las practique y evidentemente le ha gustado\u00bb, cerr\u00f3 sobre esta gran satisfacci\u00f3n.<\/p>\n<p>En tanto, Roc\u00edo puntualiz\u00f3 en cuanto a su rol, que \u00abtodo lo que es parte t\u00e9cnica y armado de entrenamiento se encarga el profe (Ariel) con toda su experiencia, mi papel es acompa\u00f1ar y trato de seguirlas un poco en todo lo dem\u00e1s. En la parte mental, sicol\u00f3gica, en el preguntarle en los entrenamientos como est\u00e1n, es clave, es muy importante. Lo que fue este Sudamericano como para cerrar el a\u00f1o fue espectacular, agradecida por los chicas por todo lo que se bancaron durante todo un a\u00f1o, una carga\u00a0 y stress en todo sentido, y luego de todo esto van a tener su merecido descanso\u00bb.<\/p>\n","protected":false},"excerpt":{"rendered":"<p>La medalla de bronce lograda por Sof\u00eda Fregona en el Sudamericano U18 en los 2.000 metros con obst\u00e1culos fue una<\/p>\n","protected":false},"author":2,"featured_media":53541,"comment_status":"closed","ping_status":"closed","sticky":false,"template":"","format":"standard","meta":{"footnotes":""},"categories":[7,24],"tags":[],"class_list":["post-53539","post","type-post","status-publish","format-standard","has-post-thumbnail","hentry","category-atletismo","category-noticias-destacadas"],"cc_featured_image_caption":{"caption_text":"","source_text":"","source_url":""},"_links":{"self":[{"href":"https:\/\/todoapulmon-rafaela.com\/index.php\/wp-json\/wp\/v2\/posts\/53539"}],"collection":[{"href":"https:\/\/todoapulmon-rafaela.com\/index.php\/wp-json\/wp\/v2\/posts"}],"about":[{"href":"https:\/\/todoapulmon-rafaela.com\/index.php\/wp-json\/wp\/v2\/types\/post"}],"author":[{"embeddable":true,"href":"https:\/\/todoapulmon-rafaela.com\/index.php\/wp-json\/wp\/v2\/users\/2"}],"replies":[{"embeddable":true,"href":"https:\/\/todoapulmon-rafaela.com\/index.php\/wp-json\/wp\/v2\/comments?post=53539"}],"version-history":[{"count":2,"href":"https:\/\/todoapulmon-rafaela.com\/index.php\/wp-json\/wp\/v2\/posts\/53539\/revisions"}],"predecessor-version":[{"id":53544,"href":"https:\/\/todoapulmon-rafaela.com\/index.php\/wp-json\/wp\/v2\/posts\/53539\/revisions\/53544"}],"wp:featuredmedia":[{"embeddable":true,"href":"https:\/\/todoapulmon-rafaela.com\/index.php\/wp-json\/wp\/v2\/media\/53541"}],"wp:attachment":[{"href":"https:\/\/todoapulmon-rafaela.com\/index.php\/wp-json\/wp\/v2\/media?parent=53539"}],"wp:term":[{"taxonomy":"category","embeddable":true,"href":"https:\/\/todoapulmon-rafaela.com\/index.php\/wp-json\/wp\/v2\/categories?post=53539"},{"taxonomy":"post_tag","embeddable":true,"href":"https:\/\/todoapulmon-rafaela.com\/index.php\/wp-json\/wp\/v2\/tags?post=53539"}],"curies":[{"name":"wp","href":"https:\/\/api.w.org\/{rel}","templated":true}]}}