{"id":53497,"date":"2024-12-09T12:03:43","date_gmt":"2024-12-09T12:03:43","guid":{"rendered":"https:\/\/todoapulmon-rafaela.com\/?p=53497"},"modified":"2024-12-09T12:25:29","modified_gmt":"2024-12-09T12:25:29","slug":"grosso-y-zaffetti-seguiran-jugando-la-liga-federal","status":"publish","type":"post","link":"https:\/\/todoapulmon-rafaela.com\/index.php\/2024\/12\/09\/grosso-y-zaffetti-seguiran-jugando-la-liga-federal\/","title":{"rendered":"Grosso y Zaffetti festejaron otro ascenso a la Liga Federal"},"content":{"rendered":"<p>Los basquetbolistas rafaelinos Pablo Grosso e Ignacio Zaffetti festejaron este fin de semana la obtenci\u00f3n de la plaza con su equipo para la Liga Federal 2025.\u00a0Asociaci\u00f3n El Ceibo de San Francisco sufri\u00f3 pero cumpli\u00f3 con el objetivo de ascender a la Liga Federal tras superar a Banda Norte de R\u00edo Cuarto en el tercero y definitivo punto de la llave de Reclasificaci\u00f3n del Prefederal cordob\u00e9s.<\/p>\n<p>Fue 74 a 71 en un choque que parec\u00eda tener ganado con comodidad al sacar una ventaja de 26 puntos. Grosso -ex 9 de Julio- fue uno de los goleadores de su equipo con 14 puntos, mientras que Zaffetti -ex Independiente- anot\u00f3 un punto.<\/p>\n<p><img loading=\"lazy\" decoding=\"async\" class=\"alignnone size-full wp-image-53499\" src=\"https:\/\/todoapulmon-rafaela.com\/wp-content\/uploads\/2024\/12\/El-Ceibo.jpg\" alt=\"\" width=\"1440\" height=\"1084\" srcset=\"https:\/\/todoapulmon-rafaela.com\/wp-content\/uploads\/2024\/12\/El-Ceibo.jpg 1440w, https:\/\/todoapulmon-rafaela.com\/wp-content\/uploads\/2024\/12\/El-Ceibo-300x226.jpg 300w\" sizes=\"(max-width: 1440px) 100vw, 1440px\" \/><\/p>\n<p>La Flor Nacional jugar\u00e1 por cuarta vez consecutiva la Liga Federal desde febrero.<\/p>\n","protected":false},"excerpt":{"rendered":"<p>Los basquetbolistas rafaelinos Pablo Grosso e Ignacio Zaffetti festejaron este fin de semana la obtenci\u00f3n de la plaza con su<\/p>\n","protected":false},"author":2,"featured_media":53498,"comment_status":"closed","ping_status":"closed","sticky":false,"template":"","format":"standard","meta":{"footnotes":""},"categories":[5],"tags":[],"class_list":["post-53497","post","type-post","status-publish","format-standard","has-post-thumbnail","hentry","category-basquet"],"cc_featured_image_caption":{"caption_text":"Pablo Grosso, destacado en el juego (foto Aasociaci\u00f3n El Ceibo oficial).","source_text":"","source_url":""},"_links":{"self":[{"href":"https:\/\/todoapulmon-rafaela.com\/index.php\/wp-json\/wp\/v2\/posts\/53497"}],"collection":[{"href":"https:\/\/todoapulmon-rafaela.com\/index.php\/wp-json\/wp\/v2\/posts"}],"about":[{"href":"https:\/\/todoapulmon-rafaela.com\/index.php\/wp-json\/wp\/v2\/types\/post"}],"author":[{"embeddable":true,"href":"https:\/\/todoapulmon-rafaela.com\/index.php\/wp-json\/wp\/v2\/users\/2"}],"replies":[{"embeddable":true,"href":"https:\/\/todoapulmon-rafaela.com\/index.php\/wp-json\/wp\/v2\/comments?post=53497"}],"version-history":[{"count":3,"href":"https:\/\/todoapulmon-rafaela.com\/index.php\/wp-json\/wp\/v2\/posts\/53497\/revisions"}],"predecessor-version":[{"id":53502,"href":"https:\/\/todoapulmon-rafaela.com\/index.php\/wp-json\/wp\/v2\/posts\/53497\/revisions\/53502"}],"wp:featuredmedia":[{"embeddable":true,"href":"https:\/\/todoapulmon-rafaela.com\/index.php\/wp-json\/wp\/v2\/media\/53498"}],"wp:attachment":[{"href":"https:\/\/todoapulmon-rafaela.com\/index.php\/wp-json\/wp\/v2\/media?parent=53497"}],"wp:term":[{"taxonomy":"category","embeddable":true,"href":"https:\/\/todoapulmon-rafaela.com\/index.php\/wp-json\/wp\/v2\/categories?post=53497"},{"taxonomy":"post_tag","embeddable":true,"href":"https:\/\/todoapulmon-rafaela.com\/index.php\/wp-json\/wp\/v2\/tags?post=53497"}],"curies":[{"name":"wp","href":"https:\/\/api.w.org\/{rel}","templated":true}]}}