{"id":53479,"date":"2024-12-08T22:44:13","date_gmt":"2024-12-08T22:44:13","guid":{"rendered":"https:\/\/todoapulmon-rafaela.com\/?p=53479"},"modified":"2024-12-08T22:44:13","modified_gmt":"2024-12-08T22:44:13","slug":"una-nueva-bicicleteada-por-las-calles-de-la-ciudad","status":"publish","type":"post","link":"https:\/\/todoapulmon-rafaela.com\/index.php\/2024\/12\/08\/una-nueva-bicicleteada-por-las-calles-de-la-ciudad\/","title":{"rendered":"Una nueva bicicleteada por las calles de la ciudad"},"content":{"rendered":"<div>Las bicicleteadas tienen como objetivo promover y fomentar el uso de la bicicleta como medio de transporte ecol\u00f3gico, saludable, r\u00e1pido y econ\u00f3mico. Son un espacio de disfrute que incluye a todos los integrantes de las familias rafaelinas. Una forma atractiva de sumar ciclistas, de incorporar h\u00e1bitos de vida saludables, de educar en seguridad vial\u00a0 y promover la actividad f\u00edsica y el cuidado de la salud de la poblaci\u00f3n.<\/div>\n<div><\/div>\n<div>En este marco, el Gobierno local llevar\u00e1 adelante una nueva bicicleteada, el\u00a0 jueves 12 de diciembre a las 20:00 con salida y llegada a la Plaza 25 de Mayo (Moreno 8, frente al palacio municipal).<\/div>\n<div><\/div>\n<div>Se recorrer\u00e1n 10 kil\u00f3metros aproximadamente a ritmo moderado para que puedan participar grandes y chicos. Estar\u00e1 acompa\u00f1ada por el grupo Los Picantes.<\/div>\n<div><\/div>\n<div>\u00a0Al final del trayecto habr\u00e1 una clase de estiramiento junto a profesionales del municipio y tambi\u00e9n numerosos sorteos con premios de Bicicleter\u00eda Peretti y Casa Delma. Entre los premios hay una bicicleta, cascos, croma\u00f1olas, candados y m\u00e1s.<\/div>\n<div><\/div>\n<div>El evento es organizado por el Instituto para el Desarrollo Sustentable, junto con la Subsecretar\u00eda de Deportes de la Municipalidad de Rafaela, es de car\u00e1cter gratuito y no requiere inscripci\u00f3n previa.<\/div>\n<div><\/div>\n<div>Un plan ideal para quienes quieren disfrutar de la actividad f\u00edsica al aire libre, las noches de primavera y la buena compa\u00f1\u00eda. En caso de mal tiempo, la actividad se reprograma para el jueves 19 de diciembre a la misma hora y en el mismo lugar.<\/div>\n<div><\/div>\n<div>Adem\u00e1s de responder a los ejes de trabajo del IDSR, esta iniciativa est\u00e1 en sinton\u00eda con los Objetivos de Desarrollo Sostenible propuestos por la ONU: salud y bienestar (ODS 3), ciudades y comunidades sostenible (ODS 11), acci\u00f3n por el clima (ODS 13).<\/div>\n","protected":false},"excerpt":{"rendered":"<p>Las bicicleteadas tienen como objetivo promover y fomentar el uso de la bicicleta como medio de transporte ecol\u00f3gico, saludable, r\u00e1pido<\/p>\n","protected":false},"author":2,"featured_media":53480,"comment_status":"closed","ping_status":"closed","sticky":false,"template":"","format":"standard","meta":{"footnotes":""},"categories":[4],"tags":[],"class_list":["post-53479","post","type-post","status-publish","format-standard","has-post-thumbnail","hentry","category-ciclismo"],"cc_featured_image_caption":{"caption_text":"PRENSA MUNICIPALIDAD","source_text":"","source_url":""},"_links":{"self":[{"href":"https:\/\/todoapulmon-rafaela.com\/index.php\/wp-json\/wp\/v2\/posts\/53479"}],"collection":[{"href":"https:\/\/todoapulmon-rafaela.com\/index.php\/wp-json\/wp\/v2\/posts"}],"about":[{"href":"https:\/\/todoapulmon-rafaela.com\/index.php\/wp-json\/wp\/v2\/types\/post"}],"author":[{"embeddable":true,"href":"https:\/\/todoapulmon-rafaela.com\/index.php\/wp-json\/wp\/v2\/users\/2"}],"replies":[{"embeddable":true,"href":"https:\/\/todoapulmon-rafaela.com\/index.php\/wp-json\/wp\/v2\/comments?post=53479"}],"version-history":[{"count":1,"href":"https:\/\/todoapulmon-rafaela.com\/index.php\/wp-json\/wp\/v2\/posts\/53479\/revisions"}],"predecessor-version":[{"id":53481,"href":"https:\/\/todoapulmon-rafaela.com\/index.php\/wp-json\/wp\/v2\/posts\/53479\/revisions\/53481"}],"wp:featuredmedia":[{"embeddable":true,"href":"https:\/\/todoapulmon-rafaela.com\/index.php\/wp-json\/wp\/v2\/media\/53480"}],"wp:attachment":[{"href":"https:\/\/todoapulmon-rafaela.com\/index.php\/wp-json\/wp\/v2\/media?parent=53479"}],"wp:term":[{"taxonomy":"category","embeddable":true,"href":"https:\/\/todoapulmon-rafaela.com\/index.php\/wp-json\/wp\/v2\/categories?post=53479"},{"taxonomy":"post_tag","embeddable":true,"href":"https:\/\/todoapulmon-rafaela.com\/index.php\/wp-json\/wp\/v2\/tags?post=53479"}],"curies":[{"name":"wp","href":"https:\/\/api.w.org\/{rel}","templated":true}]}}