{"id":53344,"date":"2024-12-02T23:59:54","date_gmt":"2024-12-02T23:59:54","guid":{"rendered":"https:\/\/todoapulmon-rafaela.com\/?p=53344"},"modified":"2024-12-02T23:59:54","modified_gmt":"2024-12-02T23:59:54","slug":"de-que-se-trata-el-programa-tap-del-enard-y-el-rafaelino-que-lo-integra","status":"publish","type":"post","link":"https:\/\/todoapulmon-rafaela.com\/index.php\/2024\/12\/02\/de-que-se-trata-el-programa-tap-del-enard-y-el-rafaelino-que-lo-integra\/","title":{"rendered":"De qu\u00e9 se trata el programa TAP del ENARD y el rafaelino que lo integra"},"content":{"rendered":"<p>La semana anterior se realiz\u00f3 la 12\u00aa edici\u00f3n del Programa Transici\u00f3n al Profesionalismo, con la participaci\u00f3n de 41 j\u00f3venes atletas de 20 disciplinas individuales, que se despidieron abrazados y entonando con gran pasi\u00f3n las gloriosas estrofas de nuestro Himno Argentino.<\/p>\n<p>El rafaelino que integra este programa del ENARD es el atleta Tom\u00e1s Mondino.<\/p>\n<div class=\"x11i5rnm xat24cr x1mh8g0r x1vvkbs xtlvy1s x126k92a\">\n<div dir=\"auto\">Expusieron: Gustavo Ruiz (Psicolog\u00eda Deportiva), Daniela Gargini (Neurociencias), Luciano Spena (Nutrici\u00f3n), Norberto Gobbi (Marketing), Sofi Mart\u00ednez (Marca Personal), Andr\u00e9s Charad\u00eda (Entrenamiento Invisible), Nicol\u00e1s Fern\u00e1ndez Miranda (Entrenadores) y los ol\u00edmpicos Diego Schwartzman (Tenis), Lucas Guzm\u00e1n (Taekwondo), Agust\u00edn Vernice (Canotaje) y Bel\u00e9n Casetta (Atletismo), por Mesa de Atletas, y Diego Grippo (m\u00e9dico deport\u00f3logo, cuidados intensivos) y Juan Bautista Segonds (\u00bfGrupo o equipo?).<\/div>\n<div dir=\"auto\"><img loading=\"lazy\" decoding=\"async\" class=\"alignnone size-full wp-image-53346\" src=\"https:\/\/todoapulmon-rafaela.com\/wp-content\/uploads\/2024\/12\/Programa-Tap3.jpg\" alt=\"\" width=\"2048\" height=\"1365\" srcset=\"https:\/\/todoapulmon-rafaela.com\/wp-content\/uploads\/2024\/12\/Programa-Tap3.jpg 2048w, https:\/\/todoapulmon-rafaela.com\/wp-content\/uploads\/2024\/12\/Programa-Tap3-300x200.jpg 300w, https:\/\/todoapulmon-rafaela.com\/wp-content\/uploads\/2024\/12\/Programa-Tap3-1536x1024.jpg 1536w\" sizes=\"(max-width: 2048px) 100vw, 2048px\" \/><\/div>\n<\/div>\n<div class=\"x11i5rnm xat24cr x1mh8g0r x1vvkbs xtlvy1s x126k92a\">\n<div dir=\"auto\"><\/div>\n<div dir=\"auto\"><strong>TODOS LOS PARTICIPANTES<\/strong><\/div>\n<\/div>\n<p>Juan Manuel Arri\u00e9guez, Giuliana Baigorria, Renata Godoy, <strong>Tom\u00e1s Mondino<\/strong> y Tom\u00e1s Olivera (Atletismo).<\/p>\n<p>Luciano Amaya (Boxeo).<\/p>\n<p>Martina Catalano, Bautista Itria y Aramis S\u00e1nchez Ayala (Canotaje Velocidad).<\/p>\n<p>Manuel Tripano (Canotaje Slalom).<\/p>\n<p>Agust\u00edn Ferrari, Bernardo Cambareri y Eliana Tocha (Ciclismo de Pista y Ruta).<\/p>\n<p>Candela Espinosa y P\u00e9rez Ondarts (Esgrima).<\/p>\n<p>Isabella Ajalla, Fausto Catini y M\u00eda Mainardi (Gimnasia Art\u00edstica).<\/p>\n<p>Santiago Ferrari (Gimnasia Trampol\u00edn).<\/p>\n<p>Valentina \u00c1lamo Torres, Tob\u00edas Vidal y Galo Villavicencio (Judo).<\/p>\n<p>Juan Ignacio Gallardo (Karate).<\/p>\n<p>Camila Amarilla, Maia Cabrera y Ricardo G\u00f3mez (Lucha).<\/p>\n<p>Agostina Hein (Nataci\u00f3n).<\/p>\n<p>Juan Segundo Rodr\u00edguez y Zoe Manggia (Pat\u00edn Art\u00edstico).<\/p>\n<p>Micaela Corrales (Pelota).<\/p>\n<p>Santino Menin y Julieta Gonz\u00e1lez (Remo).<\/p>\n<p>Joaqu\u00edn Mu\u00f1oz Larreta (Surf).<\/p>\n<p>Cristian Correa y Santino Policelli (Taekwondo).<\/p>\n<p>Alma Pueyo L\u00f3pez (Tiro con Arco).<\/p>\n<p>Lola S\u00e1nchez (Tiro).<\/p>\n<p>Juan Pablo Cardozo, Tadeo Funes, Hern\u00e1n Paulicci y M\u00e1ximo Videla (Vela).<\/p>\n<p>La actividad se llev\u00f3 a cabo desde el domingo 24 de noviembre a la noche hasta el mi\u00e9rcoles 27 al mediod\u00eda en el Hotel Howard Johnson de Pilar.<\/p>\n<p><strong>ACERCA DEL TAP<\/strong><\/p>\n<p>Inspirado en el Rookie Transition Program de la NBA, el\u00a0<a class=\"x1i10hfl xjbqb8w x1ejq31n xd10rxx x1sy0etr x17r0tee x972fbf xcfux6l x1qhh985 xm0m39n x9f619 x1ypdohk xt0psk2 xe8uvvx xdj266r x11i5rnm xat24cr x1mh8g0r xexx8yu x4uap5 x18d9i69 xkhd6sd x16tdsg8 x1hl2dhg xggy1nq x1a2a7pz  _aa9_ _a6hd\" role=\"link\" href=\"https:\/\/www.instagram.com\/explore\/tags\/programatap\/?hl=es\">#ProgramaTAP<\/a>\u00a0fue desarrollado en 2010 por Luis Scola y la Asociaci\u00f3n de Jugadores de B\u00e1squetbol. En 2013 decidieron compartirlo con el resto del deporte ol\u00edmpico, sumando al\u00a0<a class=\"x1i10hfl xjbqb8w x1ejq31n xd10rxx x1sy0etr x17r0tee x972fbf xcfux6l x1qhh985 xm0m39n x9f619 x1ypdohk xt0psk2 xe8uvvx xdj266r x11i5rnm xat24cr x1mh8g0r xexx8yu x4uap5 x18d9i69 xkhd6sd x16tdsg8 x1hl2dhg xggy1nq x1a2a7pz  _aa9_ _a6hd\" role=\"link\" href=\"https:\/\/www.instagram.com\/explore\/tags\/enard\/?hl=es\">#ENARD<\/a>, al COA y a la Secretar\u00eda de Deportes.<\/p>\n<p>El TAP es un entrenamiento extra cancha cuyo objetivo es brindar a aquellos atletas \u201cProspect\u201d, que se encuentran en etapa de desarrollo y transici\u00f3n al profesionalismo, las herramientas necesarias para la toma de decisiones de cara al mejoramiento de su futuro deportivo y humano.<\/p>\n","protected":false},"excerpt":{"rendered":"<p>La semana anterior se realiz\u00f3 la 12\u00aa edici\u00f3n del Programa Transici\u00f3n al Profesionalismo, con la participaci\u00f3n de 41 j\u00f3venes atletas<\/p>\n","protected":false},"author":2,"featured_media":53345,"comment_status":"closed","ping_status":"closed","sticky":false,"template":"","format":"standard","meta":{"footnotes":""},"categories":[7,24],"tags":[],"class_list":["post-53344","post","type-post","status-publish","format-standard","has-post-thumbnail","hentry","category-atletismo","category-noticias-destacadas"],"cc_featured_image_caption":{"caption_text":"FOTO ENARD","source_text":"","source_url":""},"_links":{"self":[{"href":"https:\/\/todoapulmon-rafaela.com\/index.php\/wp-json\/wp\/v2\/posts\/53344"}],"collection":[{"href":"https:\/\/todoapulmon-rafaela.com\/index.php\/wp-json\/wp\/v2\/posts"}],"about":[{"href":"https:\/\/todoapulmon-rafaela.com\/index.php\/wp-json\/wp\/v2\/types\/post"}],"author":[{"embeddable":true,"href":"https:\/\/todoapulmon-rafaela.com\/index.php\/wp-json\/wp\/v2\/users\/2"}],"replies":[{"embeddable":true,"href":"https:\/\/todoapulmon-rafaela.com\/index.php\/wp-json\/wp\/v2\/comments?post=53344"}],"version-history":[{"count":1,"href":"https:\/\/todoapulmon-rafaela.com\/index.php\/wp-json\/wp\/v2\/posts\/53344\/revisions"}],"predecessor-version":[{"id":53347,"href":"https:\/\/todoapulmon-rafaela.com\/index.php\/wp-json\/wp\/v2\/posts\/53344\/revisions\/53347"}],"wp:featuredmedia":[{"embeddable":true,"href":"https:\/\/todoapulmon-rafaela.com\/index.php\/wp-json\/wp\/v2\/media\/53345"}],"wp:attachment":[{"href":"https:\/\/todoapulmon-rafaela.com\/index.php\/wp-json\/wp\/v2\/media?parent=53344"}],"wp:term":[{"taxonomy":"category","embeddable":true,"href":"https:\/\/todoapulmon-rafaela.com\/index.php\/wp-json\/wp\/v2\/categories?post=53344"},{"taxonomy":"post_tag","embeddable":true,"href":"https:\/\/todoapulmon-rafaela.com\/index.php\/wp-json\/wp\/v2\/tags?post=53344"}],"curies":[{"name":"wp","href":"https:\/\/api.w.org\/{rel}","templated":true}]}}