{"id":53284,"date":"2024-12-01T00:26:26","date_gmt":"2024-12-01T00:26:26","guid":{"rendered":"https:\/\/todoapulmon-rafaela.com\/?p=53284"},"modified":"2024-12-01T00:26:26","modified_gmt":"2024-12-01T00:26:26","slug":"lucas-peretti-cerro-un-argentino-sonado-con-el-tercer-oro","status":"publish","type":"post","link":"https:\/\/todoapulmon-rafaela.com\/index.php\/2024\/12\/01\/lucas-peretti-cerro-un-argentino-sonado-con-el-tercer-oro\/","title":{"rendered":"Lucas Peretti cerr\u00f3 un Argentino so\u00f1ado con el tercer oro"},"content":{"rendered":"<p>El ciclista rafaelino Lucas Peretti fue uno de los grandes protagonistas en el Argentino Master de ciclismo realizado en el vel\u00f3dromo \u00abVicente Chancay\u00bb de San Juan. Lo ratific\u00f3 este s\u00e1bado, logrando su tercera medalla dorada en la categor\u00eda B1, en este caso ganando el keirin.<\/p>\n<p>Peretti se impuso como en los 200 metros de la velocidad y los 750 metros con partida detenida, pruebas en que logr\u00f3 el primer puesto con nuevos r\u00e9cords argentinos.<\/p>\n<p>El dato saliente de la competencia de hoy, es que hac\u00eda 20 a\u00f1os que no corr\u00eda el keirin y se dio el gusto de volver a realizarla obteniendo el oro.<\/p>\n<p>\u00abLa verdad que un campeonato incre\u00edble, fue espectacular. Hab\u00eda muy buen nivel, anduvimos muy fuerte, asi que mas que contentos\u00bb, mencion\u00f3 con felicidad.<\/p>\n<p>Sobre el tiempo que hac\u00eda que no corr\u00eda el keirin, expres\u00f3 Lucas que \u00abmuy feliz por haberla ganado luego de tanto tiempo, es una especialidad muy dif\u00edcil, t\u00e9cnica y con contacto. As\u00ed que contentisimos, terminando el a\u00f1o con todo los objetivos cumplidos\u00bb.<\/p>\n<p>Peretti represent\u00f3 a la ACCOS, acotando que el segundo puesto fue para Alberto Alaniz (Sur Cordob\u00e9s) y tercero Maximiliano Crowley (Pueblo de la Paz).<\/p>\n","protected":false},"excerpt":{"rendered":"<p>El ciclista rafaelino Lucas Peretti fue uno de los grandes protagonistas en el Argentino Master de ciclismo realizado en el<\/p>\n","protected":false},"author":2,"featured_media":53288,"comment_status":"closed","ping_status":"closed","sticky":false,"template":"","format":"standard","meta":{"footnotes":""},"categories":[4,24],"tags":[],"class_list":["post-53284","post","type-post","status-publish","format-standard","has-post-thumbnail","hentry","category-ciclismo","category-noticias-destacadas"],"cc_featured_image_caption":{"caption_text":"","source_text":"","source_url":""},"_links":{"self":[{"href":"https:\/\/todoapulmon-rafaela.com\/index.php\/wp-json\/wp\/v2\/posts\/53284"}],"collection":[{"href":"https:\/\/todoapulmon-rafaela.com\/index.php\/wp-json\/wp\/v2\/posts"}],"about":[{"href":"https:\/\/todoapulmon-rafaela.com\/index.php\/wp-json\/wp\/v2\/types\/post"}],"author":[{"embeddable":true,"href":"https:\/\/todoapulmon-rafaela.com\/index.php\/wp-json\/wp\/v2\/users\/2"}],"replies":[{"embeddable":true,"href":"https:\/\/todoapulmon-rafaela.com\/index.php\/wp-json\/wp\/v2\/comments?post=53284"}],"version-history":[{"count":1,"href":"https:\/\/todoapulmon-rafaela.com\/index.php\/wp-json\/wp\/v2\/posts\/53284\/revisions"}],"predecessor-version":[{"id":53285,"href":"https:\/\/todoapulmon-rafaela.com\/index.php\/wp-json\/wp\/v2\/posts\/53284\/revisions\/53285"}],"wp:featuredmedia":[{"embeddable":true,"href":"https:\/\/todoapulmon-rafaela.com\/index.php\/wp-json\/wp\/v2\/media\/53288"}],"wp:attachment":[{"href":"https:\/\/todoapulmon-rafaela.com\/index.php\/wp-json\/wp\/v2\/media?parent=53284"}],"wp:term":[{"taxonomy":"category","embeddable":true,"href":"https:\/\/todoapulmon-rafaela.com\/index.php\/wp-json\/wp\/v2\/categories?post=53284"},{"taxonomy":"post_tag","embeddable":true,"href":"https:\/\/todoapulmon-rafaela.com\/index.php\/wp-json\/wp\/v2\/tags?post=53284"}],"curies":[{"name":"wp","href":"https:\/\/api.w.org\/{rel}","templated":true}]}}