{"id":53271,"date":"2024-11-30T21:19:33","date_gmt":"2024-11-30T21:19:33","guid":{"rendered":"https:\/\/todoapulmon-rafaela.com\/?p=53271"},"modified":"2024-11-30T21:20:34","modified_gmt":"2024-11-30T21:20:34","slug":"julia-lambert-se-impuso-en-el-triatlon-de-los-juegos-region-centro","status":"publish","type":"post","link":"https:\/\/todoapulmon-rafaela.com\/index.php\/2024\/11\/30\/julia-lambert-se-impuso-en-el-triatlon-de-los-juegos-region-centro\/","title":{"rendered":"Julia Lambert se impuso en el triatl\u00f3n de los Juegos Regi\u00f3n Centro"},"content":{"rendered":"<p>Este s\u00e1bado tuvieron continuidad los Juegos de la Regi\u00f3n Centro en Santa Fe, con el comienzo de las competencias de triatl\u00f3n y medallas para las representantes de nuestra ciudad que integran el equipo provincial.<\/p>\n<p>Julia Lambert se impuso en la prueba femenina, superando a la cordobesa Clara Pavoni, mientras que tercera fue la tambi\u00e9n rafaelina -y representante del Club Ciclista de Rafaela- Mar\u00eda Emilia Vaira. Luego lleg\u00f3 cuarta la cordobesa Carola Olmos.<\/p>\n<p><img loading=\"lazy\" decoding=\"async\" class=\"alignnone size-full wp-image-53276\" src=\"https:\/\/todoapulmon-rafaela.com\/wp-content\/uploads\/2024\/11\/Screenshot_20241130-181355_Instagram.jpg\" alt=\"\" width=\"720\" height=\"753\" srcset=\"https:\/\/todoapulmon-rafaela.com\/wp-content\/uploads\/2024\/11\/Screenshot_20241130-181355_Instagram.jpg 720w, https:\/\/todoapulmon-rafaela.com\/wp-content\/uploads\/2024\/11\/Screenshot_20241130-181355_Instagram-287x300.jpg 287w\" sizes=\"(max-width: 720px) 100vw, 720px\" \/><\/p>\n<p>&nbsp;<\/p>\n<p>En la prueba masculina gan\u00f3 el entrerriano Juan Stiechr, segundo su compa\u00f1ero Agust\u00edn Wendler y tercero el cordob\u00e9s Pablo Azzolini.<\/p>\n<p>El epicentro para este deporte tiene lugar en el Club Ateneo Inmaculada donde realiza el segmento de nataci\u00f3n, sobre la Av Arturo Illia entre 3 de febrero y San Jer\u00f3nimo completan las vueltas de ciclismo y culminan con el pedestrismo sobre la vereda de la Plaza de la 3 Culturas.<\/p>\n<p>Este domingo se realizar\u00e1 la prueba de Relevos Mixtos.<\/p>\n","protected":false},"excerpt":{"rendered":"<p>Este s\u00e1bado tuvieron continuidad los Juegos de la Regi\u00f3n Centro en Santa Fe, con el comienzo de las competencias de<\/p>\n","protected":false},"author":2,"featured_media":53277,"comment_status":"closed","ping_status":"closed","sticky":false,"template":"","format":"standard","meta":{"footnotes":""},"categories":[24,28],"tags":[],"class_list":["post-53271","post","type-post","status-publish","format-standard","has-post-thumbnail","hentry","category-noticias-destacadas","category-triatlon"],"cc_featured_image_caption":{"caption_text":"","source_text":"","source_url":""},"_links":{"self":[{"href":"https:\/\/todoapulmon-rafaela.com\/index.php\/wp-json\/wp\/v2\/posts\/53271"}],"collection":[{"href":"https:\/\/todoapulmon-rafaela.com\/index.php\/wp-json\/wp\/v2\/posts"}],"about":[{"href":"https:\/\/todoapulmon-rafaela.com\/index.php\/wp-json\/wp\/v2\/types\/post"}],"author":[{"embeddable":true,"href":"https:\/\/todoapulmon-rafaela.com\/index.php\/wp-json\/wp\/v2\/users\/2"}],"replies":[{"embeddable":true,"href":"https:\/\/todoapulmon-rafaela.com\/index.php\/wp-json\/wp\/v2\/comments?post=53271"}],"version-history":[{"count":3,"href":"https:\/\/todoapulmon-rafaela.com\/index.php\/wp-json\/wp\/v2\/posts\/53271\/revisions"}],"predecessor-version":[{"id":53279,"href":"https:\/\/todoapulmon-rafaela.com\/index.php\/wp-json\/wp\/v2\/posts\/53271\/revisions\/53279"}],"wp:featuredmedia":[{"embeddable":true,"href":"https:\/\/todoapulmon-rafaela.com\/index.php\/wp-json\/wp\/v2\/media\/53277"}],"wp:attachment":[{"href":"https:\/\/todoapulmon-rafaela.com\/index.php\/wp-json\/wp\/v2\/media?parent=53271"}],"wp:term":[{"taxonomy":"category","embeddable":true,"href":"https:\/\/todoapulmon-rafaela.com\/index.php\/wp-json\/wp\/v2\/categories?post=53271"},{"taxonomy":"post_tag","embeddable":true,"href":"https:\/\/todoapulmon-rafaela.com\/index.php\/wp-json\/wp\/v2\/tags?post=53271"}],"curies":[{"name":"wp","href":"https:\/\/api.w.org\/{rel}","templated":true}]}}