{"id":5325,"date":"2017-03-26T14:08:36","date_gmt":"2017-03-26T14:08:36","guid":{"rendered":"http:\/\/todoapulmon-rafaela.com\/?p=5325"},"modified":"2017-03-26T14:08:36","modified_gmt":"2017-03-26T14:08:36","slug":"gran-cierre-para-el-batis-team-en-la-cape-epic-2","status":"publish","type":"post","link":"https:\/\/todoapulmon-rafaela.com\/index.php\/2017\/03\/26\/gran-cierre-para-el-batis-team-en-la-cape-epic-2\/","title":{"rendered":"Gran cierre para el Bati&#8217;s Team en la Cape Epic"},"content":{"rendered":"<p>Por segundo a\u00f1o consecutivo Gabriel Ravasio y C\u00e9sar Bogunovich no solamente compitieron en la Cape Epic, sino que cumplieron el objetivo de culminarla. Este domingo tuvieron un brillante final de la prueba reconocida por su grado de dificultad y dureza en Sud\u00e1frica, con el puesto 24 en su categor\u00eda en la s\u00e9ptima y \u00faltima etapa, estableciendo un tiempo de 3h44m19s, para de tal modo quedar en el 64 de la clasificaci\u00f3n general entre los Master (41 a 50 a\u00f1os) con un acumulado de 39h02m49s. En la general Absoluta culminaron por debajo de los 200, ya que quedaron 199\u00ba en una edici\u00f3n que tuvo a lo m\u00e1s laureado del mountain bike internacional.<\/p>\n<p>El s\u00e1bado, en la etapa reina, los integrantes del Bati\u2019s Team -equipo que integra adem\u00e1s en la log\u00edstica Pablo Schnidrig- hab\u00edan tenido un gran desempe\u00f1o con el lugar 29 de su categor\u00eda en la clasificaci\u00f3n.<\/p>\n<p>La Cape Epic tuvo como epicentro a Ciudad del Cabo, con un pr\u00f3logo y siete etapas en las zonas cercanas, recordando que se compite por parejas.<\/p>\n<p>LOS VENCEDORES<\/p>\n<p>Los corredores del Scott-Stram Mtb Racing, el campe\u00f3n ol\u00edmpico Nino Schurter y su compa\u00f1ero Matthias Stirnemann, se han proclamado vencedores de la Absa Cape Epic 2017 tras quedar terceros en la \u00faltima y definitiva etapa de la competici\u00f3n sudafricana. La victoria de la jornada ha sido para Michiel Van der Heijden y Andri Frischknecht, tambi\u00e9n corredores de la formaci\u00f3n mencionada, seguidos por Damiano Ferraro y Fabian Rabensteiner, del Trek-Selle San Marco 2. En la clasificaci\u00f3n final de la \u00e9lite masculina, segunda posici\u00f3n para Christoph Sauser y Jaroslav Kulhavy (Investec-Songo-Specialized), con el tercer puesto para los corredores del Centurion Vaude 2, Nicola Rohrbach y Daniel Geismayr.<\/p>\n<p>En la categor\u00eda reina femenina, Esther Suss y Jennie Stenerhag del Meerendal CBC han gestionado con acierto la ventaja que las separaba de sus rivales para hacerse con el t\u00edtulo de la Absa Cape Epic 2017 con un tercer puesto en la \u00faltima etapa en l\u00ednea. Las corredoras del Ascendis Health, Sabine Spitz y Robyn de Groot, han sido las primeras en cruzar la l\u00ednea de meta de la s\u00e9ptima y \u00faltima etapa, seguidas por Mariske Strauss y Annie Last, del Hansgrohe Cadence OMX Pro. En la clasificaci\u00f3n final, primer puesto para Suss y Stenerhag, con Mariske Strauss y Annie Last en segunda posici\u00f3n y, cerrando el Top-3, Sabine Spitz y Robyn de Groot.<\/p>\n<p>En Masters, Ibon Zugasti y Tomi Misser no han podido retener el maillot de l\u00edderes tras defenderlo durante buena parte de la competici\u00f3n. Los corredores del Orbea Factory Team tuvieron una tercera posici\u00f3n en la \u00faltima etapa que los ha relegado al segundo puesto de la clasificaci\u00f3n final. Cadel Evans y George Hincapie del BMC Absa Racing Team han gastado el \u00faltimo cartucho llev\u00e1ndose la jornada y la victoria de la competici\u00f3n, seguidos por los corredores del CST Sandd American Eagle, Bart Brentjens y Abraao Azevedo, que pese a conseguir la segunda plaza del d\u00eda, se han quedado con la tercera posici\u00f3n de la general.<\/p>\n","protected":false},"excerpt":{"rendered":"<p>Por segundo a\u00f1o consecutivo Gabriel Ravasio y C\u00e9sar Bogunovich no solamente compitieron en la Cape Epic, sino que cumplieron el<\/p>\n","protected":false},"author":2,"featured_media":5324,"comment_status":"open","ping_status":"open","sticky":false,"template":"","format":"standard","meta":{"footnotes":""},"categories":[4,24],"tags":[],"class_list":["post-5325","post","type-post","status-publish","format-standard","has-post-thumbnail","hentry","category-ciclismo","category-noticias-destacadas"],"cc_featured_image_caption":{"caption_text":"Gabriel Ravasio y C\u00e9sar Bogunovich estuvieron compitiendo junto a las grandes figuras del mountain bike.","source_text":"","source_url":""},"_links":{"self":[{"href":"https:\/\/todoapulmon-rafaela.com\/index.php\/wp-json\/wp\/v2\/posts\/5325"}],"collection":[{"href":"https:\/\/todoapulmon-rafaela.com\/index.php\/wp-json\/wp\/v2\/posts"}],"about":[{"href":"https:\/\/todoapulmon-rafaela.com\/index.php\/wp-json\/wp\/v2\/types\/post"}],"author":[{"embeddable":true,"href":"https:\/\/todoapulmon-rafaela.com\/index.php\/wp-json\/wp\/v2\/users\/2"}],"replies":[{"embeddable":true,"href":"https:\/\/todoapulmon-rafaela.com\/index.php\/wp-json\/wp\/v2\/comments?post=5325"}],"version-history":[{"count":1,"href":"https:\/\/todoapulmon-rafaela.com\/index.php\/wp-json\/wp\/v2\/posts\/5325\/revisions"}],"predecessor-version":[{"id":5326,"href":"https:\/\/todoapulmon-rafaela.com\/index.php\/wp-json\/wp\/v2\/posts\/5325\/revisions\/5326"}],"wp:featuredmedia":[{"embeddable":true,"href":"https:\/\/todoapulmon-rafaela.com\/index.php\/wp-json\/wp\/v2\/media\/5324"}],"wp:attachment":[{"href":"https:\/\/todoapulmon-rafaela.com\/index.php\/wp-json\/wp\/v2\/media?parent=5325"}],"wp:term":[{"taxonomy":"category","embeddable":true,"href":"https:\/\/todoapulmon-rafaela.com\/index.php\/wp-json\/wp\/v2\/categories?post=5325"},{"taxonomy":"post_tag","embeddable":true,"href":"https:\/\/todoapulmon-rafaela.com\/index.php\/wp-json\/wp\/v2\/tags?post=5325"}],"curies":[{"name":"wp","href":"https:\/\/api.w.org\/{rel}","templated":true}]}}