{"id":53225,"date":"2024-11-28T13:23:06","date_gmt":"2024-11-28T13:23:06","guid":{"rendered":"https:\/\/todoapulmon-rafaela.com\/?p=53225"},"modified":"2024-11-28T13:23:06","modified_gmt":"2024-11-28T13:23:06","slug":"se-realizo-el-congreso-santa-fe-en-movimiento-rumbo-a-los-juegos-odesur","status":"publish","type":"post","link":"https:\/\/todoapulmon-rafaela.com\/index.php\/2024\/11\/28\/se-realizo-el-congreso-santa-fe-en-movimiento-rumbo-a-los-juegos-odesur\/","title":{"rendered":"Se realiz\u00f3 el Congreso \u00abSanta Fe en Movimiento\u00bb rumbo a los Juegos Odesur"},"content":{"rendered":"<div class=\"itemIntroText\">\n<p>Los d\u00edas martes 26 y mi\u00e9rcoles 27 se realiz\u00f3 en el Centro de Educaci\u00f3n F\u00edsica (CEF) N\u00ba 29 de la ciudad de Santa Fe el primer Congreso de Santa Fe en Movimiento que reuni\u00f3 a m\u00e1s de 1.800 personas con el objetivo de fomentar la pr\u00e1ctica deportiva.<\/p>\n<p>El primer Congreso de Santa Fe en Movimiento se realiz\u00f3 con la finalidad de potenciar la integraci\u00f3n del deporte en la educaci\u00f3n como una herramienta transformadora que impacte en el desarrollo integral de ni\u00f1os, adolescentes y adultos; impulsar pol\u00edticas inclusivas que promuevan el bienestar integral a trav\u00e9s del deporte; capacitar y actualizar a docentes, entrenadores y otros actores del deporte; y propiciar la discusi\u00f3n y formulaci\u00f3n de una nueva Ley del Deporte en la Provincia.<\/p>\n<p>El presidente del Comit\u00e9 Ol\u00edmpico Argentino (COA) <strong>Mario Moccia<\/strong>\u00a0junto a la campeona ol\u00edmpica de judo, miembro del Comit\u00e9 Ol\u00edmpico Internacional (COI), representante de los atletas en la mesa directiva del COA<strong>\u00a0Paula Pareto<\/strong>, la campeona ol\u00edmpica de vela Cecilia Carranza, los atletas y entrenadores ol\u00edmpicos\u00a0<strong>Ayel\u00e9n Stepnik<\/strong>,\u00a0<strong>Germ\u00e1n Chiaraviglio, Daniel Castellani<\/strong>,\u00a0<strong>Julio Lamas<\/strong>\u00a0y el futbolista paral\u00edmpico\u00a0<strong>Maximiliano Espinillo<\/strong>, entre otros, participaron del congreso.<\/p>\n<\/div>\n<div class=\"itemFullText\">\n<p>Tras elogiar la organizaci\u00f3n del congreso<strong>\u00a0Mario Moccia<\/strong>, y destac\u00f3:\u00a0<strong>\u00abEstamos trabajando en conjunto con las autoridades provinciales para garantizar que estos juegos sean un \u00e9xito. El impacto ser\u00e1 altamente positivo, tanto por la infraestructura como por la capacitaci\u00f3n de recursos humanos\u00bb<\/strong>.<\/p>\n<p>El presidente del COA asegur\u00f3 que<strong>\u00a0\u00abdurante los Juegos, la provincia recibir\u00e1 a los mejores atletas de Sudam\u00e9rica, m\u00e1s de 20 disciplinas clasificatorias para los Juegos Panamericanos. Esto posicionar\u00e1 a Santa Fe en el mapa deportivo internacional\u00bb\u00a0<\/strong>y explic\u00f3 que\u00a0<strong>\u00abesto permitir\u00eda triplicar el presupuesto y preparar mejor a nuestros atletas en todo el ciclo ol\u00edmpico\u00bb<\/strong>.<\/p>\n<p>Por su parte,\u00a0<strong>Paula Pareto<\/strong>\u00a0dijo: \u201c<strong>Estamos muy felices de poder estar aqu\u00ed para que los m\u00e1s chicos, que van ser los representantes a nivel ol\u00edmpico del futuro, tengan la posibilidad durante los Juegos Sudamericanos de tener su punto de partida. De la cantidad -de participantes- sale la calidad; y con la calidad, vamos a representar mejor a nuestro pa\u00eds ante el mundo\u201d<\/strong>.<\/p>\n<p><strong>\u00a0<\/strong>Asimismo,\u00a0<strong>Germ\u00e1n Chiaraviglio,\u00a0<\/strong>declar\u00f3:\u00a0<strong>\u201cQue los Juegos Sudamericanos 2026 se realicen en Santa Fe significa volver a poner en agenda al deporte, no solo al federado sino el que viene m\u00e1s de abajo, con todos los beneficios que este tipo de eventos brinda a la comunidad en valores, a nivel cultural, educativo y en la mejora de la infraestructura\u201d<\/strong>.<\/p>\n<p>El acto de Apertura estuvo liderado por el ministro de Educaci\u00f3n\u00a0<strong>Jos\u00e9 Goity<\/strong>\u00a0junto a la secretaria de Deportes,\u00a0<strong>Flavia Pad\u00edn<\/strong>. El ministro acentu\u00f3:<strong>\u00a0\u201cNosotros creemos en la importancia que tiene el deporte como proceso formativo, no siempre es lo suficientemente valorado\u201d\u00a0<\/strong>y cont\u00f3 que\u00a0<strong>\u201choy reunimos a los que saben y a los que son protagonistas del deporte y que resultan inspiradores, porque detr\u00e1s de cada deportista de \u00e9lite hay una historia de vida, de superaci\u00f3n, de sacrificio y de esfuerzo, que es lo que nosotros queremos rescatar\u201d<\/strong>.<\/p>\n<p>En tanto,\u00a0<strong>Pad\u00edn<\/strong>\u00a0indic\u00f3:\u00a0<strong>\u201cEn el 2026 el mundo deportivo va a estar mirando lo que sucede en la provincia, en las ciudades de Santa Fe, de Rosario y de Rafaela, pero hay toda una preparaci\u00f3n. Hoy hay chicos que son j\u00f3venes deportistas que posiblemente est\u00e9n disputando lugares deportivos, con lo cual es important\u00edsimo el trabajo que hagamos minuto a minuto en materia de deporte\u201d<\/strong>.<\/p>\n<p>Fuente: Comit\u00e9 Ol\u00edmpico Argentino.<\/p>\n<p>&nbsp;<\/p>\n<p>&nbsp;<\/p>\n<p>&nbsp;<\/p>\n<\/div>\n","protected":false},"excerpt":{"rendered":"<p>Los d\u00edas martes 26 y mi\u00e9rcoles 27 se realiz\u00f3 en el Centro de Educaci\u00f3n F\u00edsica (CEF) N\u00ba 29 de la<\/p>\n","protected":false},"author":2,"featured_media":53226,"comment_status":"closed","ping_status":"closed","sticky":false,"template":"","format":"standard","meta":{"footnotes":""},"categories":[24],"tags":[],"class_list":["post-53225","post","type-post","status-publish","format-standard","has-post-thumbnail","hentry","category-noticias-destacadas"],"cc_featured_image_caption":{"caption_text":"FOTO COMITE OLIMPICO ARGENTINO","source_text":"","source_url":""},"_links":{"self":[{"href":"https:\/\/todoapulmon-rafaela.com\/index.php\/wp-json\/wp\/v2\/posts\/53225"}],"collection":[{"href":"https:\/\/todoapulmon-rafaela.com\/index.php\/wp-json\/wp\/v2\/posts"}],"about":[{"href":"https:\/\/todoapulmon-rafaela.com\/index.php\/wp-json\/wp\/v2\/types\/post"}],"author":[{"embeddable":true,"href":"https:\/\/todoapulmon-rafaela.com\/index.php\/wp-json\/wp\/v2\/users\/2"}],"replies":[{"embeddable":true,"href":"https:\/\/todoapulmon-rafaela.com\/index.php\/wp-json\/wp\/v2\/comments?post=53225"}],"version-history":[{"count":1,"href":"https:\/\/todoapulmon-rafaela.com\/index.php\/wp-json\/wp\/v2\/posts\/53225\/revisions"}],"predecessor-version":[{"id":53227,"href":"https:\/\/todoapulmon-rafaela.com\/index.php\/wp-json\/wp\/v2\/posts\/53225\/revisions\/53227"}],"wp:featuredmedia":[{"embeddable":true,"href":"https:\/\/todoapulmon-rafaela.com\/index.php\/wp-json\/wp\/v2\/media\/53226"}],"wp:attachment":[{"href":"https:\/\/todoapulmon-rafaela.com\/index.php\/wp-json\/wp\/v2\/media?parent=53225"}],"wp:term":[{"taxonomy":"category","embeddable":true,"href":"https:\/\/todoapulmon-rafaela.com\/index.php\/wp-json\/wp\/v2\/categories?post=53225"},{"taxonomy":"post_tag","embeddable":true,"href":"https:\/\/todoapulmon-rafaela.com\/index.php\/wp-json\/wp\/v2\/tags?post=53225"}],"curies":[{"name":"wp","href":"https:\/\/api.w.org\/{rel}","templated":true}]}}