{"id":53180,"date":"2024-11-26T11:42:43","date_gmt":"2024-11-26T11:42:43","guid":{"rendered":"https:\/\/todoapulmon-rafaela.com\/?p=53180"},"modified":"2024-11-26T11:42:43","modified_gmt":"2024-11-26T11:42:43","slug":"argentina-tambien-supero-a-colombia","status":"publish","type":"post","link":"https:\/\/todoapulmon-rafaela.com\/index.php\/2024\/11\/26\/argentina-tambien-supero-a-colombia\/","title":{"rendered":"Argentina tambi\u00e9n super\u00f3 a Colombia"},"content":{"rendered":"<div class=\"itemBody\">Por el \u00faltimo encuentro de la segunda ventana clasificatoria hacia la AmeriCup 2025, la Selecci\u00f3n Mayor masculina sum\u00f3 una nueva victoria, esta vez, ante Colombia por 88-68. De esta manera, los dirigidos por Pablo Prigioni barrieron su estad\u00eda en Mar del Plata y quedaron con registro de 3-1, a un paso de asegurar la clasificaci\u00f3n a la cita continental.<\/p>\n<p>Argentina despleg\u00f3 un gran primer tiempo defensivo, en el que permiti\u00f3 apenas 17 puntos. El cuarto inicial fue parejo, porque la ofensiva no terminaba de entrar en ritmo, pero con la rotaci\u00f3n de ambos planteles, el segundo cuarto fue un festival para el elenco nacional, que tuvo a sus doce jugadores con participaci\u00f3n en los primeros 20 minutos. El due\u00f1o de casa meti\u00f3 un parcial de 24-9, apoy\u00e1ndose en la defensa y en la facilidad para meterse en la pintura rival. En ese lapso, mucho tuvo que ver la energ\u00eda contagiosa y la punter\u00eda de Patricio Garino, m\u00e1s el regreso de Marcos Del\u00eda, que aport\u00f3 su habitual presencia defensiva y solvencia en ataque. La m\u00e1xima fue de 23 y el primer tiempo cerr\u00f3 46-25.<\/p><\/div>\n<div class=\"itemBody\"><img loading=\"lazy\" decoding=\"async\" class=\"alignnone size-full wp-image-53182\" src=\"https:\/\/todoapulmon-rafaela.com\/wp-content\/uploads\/2024\/11\/Argentina-vs.-Colombia1-scaled.jpg\" alt=\"\" width=\"2560\" height=\"1707\" srcset=\"https:\/\/todoapulmon-rafaela.com\/wp-content\/uploads\/2024\/11\/Argentina-vs.-Colombia1-scaled.jpg 2560w, https:\/\/todoapulmon-rafaela.com\/wp-content\/uploads\/2024\/11\/Argentina-vs.-Colombia1-300x200.jpg 300w, https:\/\/todoapulmon-rafaela.com\/wp-content\/uploads\/2024\/11\/Argentina-vs.-Colombia1-1536x1024.jpg 1536w, https:\/\/todoapulmon-rafaela.com\/wp-content\/uploads\/2024\/11\/Argentina-vs.-Colombia1-2048x1365.jpg 2048w\" sizes=\"(max-width: 2560px) 100vw, 2560px\" \/><br \/>\nA la vuelta de los vestuarios, Colombia mostr\u00f3 otra cara. Con agresividad defensiva, forz\u00f3 un juego m\u00e1s f\u00edsico que acompa\u00f1\u00f3 con efectividad de tres puntos para recortar notablemente la diferencia. El parcial del tercer cuarto fue 26-13 para la visita, que para colmo meti\u00f3 un triple kilom\u00e9trico sobre la chicharra para cerrar a ocho. La tendencia se mantuvo en el inicio del \u00faltimo cap\u00edtulo hasta ponerse a cinco faltando 6:52. A partir de all\u00ed emergi\u00f3 la figura de Jos\u00e9 Vildoza, el m\u00e1s destacado de la noche, que se hizo cargo del juego, administr\u00f3 bien las ofensivas y volvi\u00f3 a darle tranquilidad a su equipo. La agresividad defensiva le jug\u00f3 en contra a Colombia, que acumul\u00f3 antideportivas y perdi\u00f3 a Tello, un hombre clave. Pasado el sofoc\u00f3n, Argentina recuper\u00f3 la iniciativa y termin\u00f3 de sentenciar la historia hasta volver a sacar 20.<\/p>\n<p>Victoria clara que aporta tranquilidad de cara a la clasificaci\u00f3n y confianza para consolidar la identidad del equipo. Vildoza y Garino fueron los goleadores con 17 puntos cada uno, Gonzalo Corbal\u00e1n, que estuvo 35 minutos en cancha, sum\u00f3 15, en tanto que Redivo aport\u00f3 14 unidades. Argentina lanz\u00f3 9 de 33 en triples y 21 de 30 en libres. Domin\u00f3 la batalla de los rebotes por 44-29, incluyendo 15 ofensivos, y forz\u00f3 14 p\u00e9rdidas en su rival, que nuevamente se qued\u00f3 sin superar los 70 puntos.<\/p>\n<p><strong><a href=\"https:\/\/www.fiba.basketball\/en\/events\/fiba-americup-2025-qualifiers\/games\/118638-ARG-COL#boxscore\">ESTAD\u00cdSTICAS<\/a><\/strong><\/div>\n<div><\/div>\n<div>Fuente: CAB.<\/div>\n<div class=\"gridPhotoGallery-container\">\n<div class=\"gridPhotoGallery mfp-gallery misc gridPhotoGallery--ratio-square gridPhotoGallery--cols-4\" data-cols=\"4\">\n<div class=\"gridPhotoGallery__item gridPhotoGallery__item--sizer\"><\/div>\n<div class=\"gridPhotoGallery__item gridPhotoGalleryItem--w2\">\n<div class=\"gridPhotoGallery__img\"><\/div>\n<\/div>\n<div class=\"gridPhotoGallery__item gridPhotoGalleryItem--w1\">\n<div class=\"gridPhotoGallery__img\"><\/div>\n<\/div>\n<div class=\"gridPhotoGallery__item gridPhotoGalleryItem--w1\">\n<div class=\"gridPhotoGallery__img\"><\/div>\n<\/div>\n<div class=\"gridPhotoGallery__item gridPhotoGalleryItem--w2\">\n<div class=\"gridPhotoGallery__img\"><\/div>\n<\/div>\n<div class=\"gridPhotoGallery__item gridPhotoGalleryItem--w1\">\n<div class=\"gridPhotoGallery__img\"><\/div>\n<\/div>\n<div class=\"gridPhotoGallery__item gridPhotoGalleryItem--w2\">\n<div class=\"gridPhotoGallery__img\"><\/div>\n<\/div>\n<div class=\"gridPhotoGallery__item gridPhotoGalleryItem--w1\">\n<div class=\"gridPhotoGallery__img\"><\/div>\n<\/div>\n<div class=\"gridPhotoGallery__item gridPhotoGalleryItem--w2\">\n<div class=\"gridPhotoGallery__img\"><\/div>\n<\/div>\n<div class=\"gridPhotoGallery__item gridPhotoGalleryItem--w1\">\n<div class=\"gridPhotoGallery__img\"><\/div>\n<\/div>\n<div class=\"gridPhotoGallery__item gridPhotoGalleryItem--w2\">\n<div class=\"gridPhotoGallery__img\"><\/div>\n<\/div>\n<div class=\"gridPhotoGallery__item gridPhotoGalleryItem--w1\">\n<div class=\"gridPhotoGallery__img\"><\/div>\n<\/div>\n<div class=\"gridPhotoGallery__item gridPhotoGalleryItem--w1\">\n<div class=\"gridPhotoGallery__img\"><\/div>\n<\/div>\n<div class=\"gridPhotoGallery__item gridPhotoGalleryItem--w2\">\n<div class=\"gridPhotoGallery__img\"><\/div>\n<\/div>\n<div class=\"gridPhotoGallery__item gridPhotoGalleryItem--w1\">\n<div class=\"gridPhotoGallery__img\"><\/div>\n<\/div>\n<div class=\"gridPhotoGallery__item gridPhotoGalleryItem--w2\">\n<div class=\"gridPhotoGallery__img\"><\/div>\n<\/div>\n<div class=\"gridPhotoGallery__item gridPhotoGalleryItem--w1\">\n<div class=\"gridPhotoGallery__img\"><\/div>\n<\/div>\n<div class=\"gridPhotoGallery__item gridPhotoGalleryItem--w2\">\n<div class=\"gridPhotoGallery__img\"><\/div>\n<\/div>\n<div class=\"gridPhotoGallery__item gridPhotoGalleryItem--w1\">\n<div class=\"gridPhotoGallery__img\"><\/div>\n<\/div>\n<\/div>\n<\/div>\n<div class=\"itemTagsBlock\"><\/div>\n","protected":false},"excerpt":{"rendered":"<p>Por el \u00faltimo encuentro de la segunda ventana clasificatoria hacia la AmeriCup 2025, la Selecci\u00f3n Mayor masculina sum\u00f3 una nueva<\/p>\n","protected":false},"author":2,"featured_media":53181,"comment_status":"closed","ping_status":"closed","sticky":false,"template":"","format":"standard","meta":{"footnotes":""},"categories":[5,24],"tags":[],"class_list":["post-53180","post","type-post","status-publish","format-standard","has-post-thumbnail","hentry","category-basquet","category-noticias-destacadas"],"cc_featured_image_caption":{"caption_text":"FOTO CAB","source_text":"","source_url":""},"_links":{"self":[{"href":"https:\/\/todoapulmon-rafaela.com\/index.php\/wp-json\/wp\/v2\/posts\/53180"}],"collection":[{"href":"https:\/\/todoapulmon-rafaela.com\/index.php\/wp-json\/wp\/v2\/posts"}],"about":[{"href":"https:\/\/todoapulmon-rafaela.com\/index.php\/wp-json\/wp\/v2\/types\/post"}],"author":[{"embeddable":true,"href":"https:\/\/todoapulmon-rafaela.com\/index.php\/wp-json\/wp\/v2\/users\/2"}],"replies":[{"embeddable":true,"href":"https:\/\/todoapulmon-rafaela.com\/index.php\/wp-json\/wp\/v2\/comments?post=53180"}],"version-history":[{"count":1,"href":"https:\/\/todoapulmon-rafaela.com\/index.php\/wp-json\/wp\/v2\/posts\/53180\/revisions"}],"predecessor-version":[{"id":53183,"href":"https:\/\/todoapulmon-rafaela.com\/index.php\/wp-json\/wp\/v2\/posts\/53180\/revisions\/53183"}],"wp:featuredmedia":[{"embeddable":true,"href":"https:\/\/todoapulmon-rafaela.com\/index.php\/wp-json\/wp\/v2\/media\/53181"}],"wp:attachment":[{"href":"https:\/\/todoapulmon-rafaela.com\/index.php\/wp-json\/wp\/v2\/media?parent=53180"}],"wp:term":[{"taxonomy":"category","embeddable":true,"href":"https:\/\/todoapulmon-rafaela.com\/index.php\/wp-json\/wp\/v2\/categories?post=53180"},{"taxonomy":"post_tag","embeddable":true,"href":"https:\/\/todoapulmon-rafaela.com\/index.php\/wp-json\/wp\/v2\/tags?post=53180"}],"curies":[{"name":"wp","href":"https:\/\/api.w.org\/{rel}","templated":true}]}}