{"id":53157,"date":"2024-11-25T21:54:43","date_gmt":"2024-11-25T21:54:43","guid":{"rendered":"https:\/\/todoapulmon-rafaela.com\/?p=53157"},"modified":"2024-11-25T21:54:43","modified_gmt":"2024-11-25T21:54:43","slug":"nunez-y-benedetti-ganaron-en-san-francisco-donde-hubo-presencias-rafaelinas","status":"publish","type":"post","link":"https:\/\/todoapulmon-rafaela.com\/index.php\/2024\/11\/25\/nunez-y-benedetti-ganaron-en-san-francisco-donde-hubo-presencias-rafaelinas\/","title":{"rendered":"N\u00fa\u00f1ez y Benedetti ganaron en San Francisco, donde hubo presencias rafaelinas"},"content":{"rendered":"<p><strong>Mat\u00edas N\u00fa\u00f1ez<\/strong>, del equipo\u00a0<i>Fornara Construcciones A<\/i>, se consagr\u00f3 ganador de la 55\u00b0 edici\u00f3n de la Doble San Francisco-Miramar, una de las competencias m\u00e1s tradicionales del ciclismo regional. N\u00fa\u00f1ez se impuso en la clasificaci\u00f3n general con registro de 6h 28m 28s, superando a <strong>Luis Cabrera<\/strong>\u00a0(<i>Casta\u00f1o Jeba Team<\/i>) y\u00a0<strong>Joaqu\u00edn Dur\u00e1n<\/strong>\u00a0(<i>Team Murray B<\/i>), quienes completaron el podio general tras dos etapas de alta intensidad.<\/p>\n<p><img loading=\"lazy\" decoding=\"async\" class=\"alignnone size-full wp-image-53178\" src=\"https:\/\/todoapulmon-rafaela.com\/wp-content\/uploads\/2024\/11\/Doble-Sanfra-Miramar.jpg\" alt=\"\" width=\"1065\" height=\"710\" srcset=\"https:\/\/todoapulmon-rafaela.com\/wp-content\/uploads\/2024\/11\/Doble-Sanfra-Miramar.jpg 1065w, https:\/\/todoapulmon-rafaela.com\/wp-content\/uploads\/2024\/11\/Doble-Sanfra-Miramar-300x200.jpg 300w\" sizes=\"(max-width: 1065px) 100vw, 1065px\" \/><\/p>\n<p>En la segunda etapa, destacada por su emocionante desenlace, el sanfrancisque\u00f1o\u00a0<strong>Maximiliano Almada<\/strong>, del equipo\u00a0<i>Municipalidad de Pehuaj\u00f3 A<\/i>, se llev\u00f3 el triunfo. Almada complet\u00f3 la \u00faltima parte de la carrera en solitario y logr\u00f3 un espectacular sprint final que lo dej\u00f3 por delante de N\u00fa\u00f1ez, quien fue segundo, y\u00a0<strong>Bruno Fern\u00e1ndez<\/strong>\u00a0del equipo sanfrancisque\u00f1o Oasis Pool Team termin\u00f3 tercero.<\/p>\n<p>En cuanto a los rafaelinos, meritorio desempe\u00f1o de <strong>Cristian Pernuzzi<\/strong> que qued\u00f3 12 en la general con un tiempo acumulado entre las dos etapas de 6h 31m 35s, culminando a casi 3 minutos del vencedor, representando al equipo Tres Cumbres Freyre. En la misma escuadra estuvo su hermano Mat\u00edas.<\/p>\n<p><img loading=\"lazy\" decoding=\"async\" class=\"alignnone size-full wp-image-53175\" src=\"https:\/\/todoapulmon-rafaela.com\/wp-content\/uploads\/2024\/11\/Tres-cumbres.jpg\" alt=\"\" width=\"1600\" height=\"1066\" srcset=\"https:\/\/todoapulmon-rafaela.com\/wp-content\/uploads\/2024\/11\/Tres-cumbres.jpg 1600w, https:\/\/todoapulmon-rafaela.com\/wp-content\/uploads\/2024\/11\/Tres-cumbres-300x200.jpg 300w, https:\/\/todoapulmon-rafaela.com\/wp-content\/uploads\/2024\/11\/Tres-cumbres-1536x1023.jpg 1536w\" sizes=\"(max-width: 1600px) 100vw, 1600px\" \/><\/p>\n<p>Por su parte, <strong>Gabriel Durando<\/strong> (Durando Team) se ubic\u00f3 21 en la general con 6h 38m 50s. Fueron 38 los pedalistas que culminaron la competencia, con muchas bajas en la jornada de regreso a San Francisco, entre ellas la del rafaelino Jos\u00e9 Leandri, del mismo equipo.<\/p>\n<p><strong>EN MUJERES<\/strong><\/p>\n<p><strong>Julieta Benedetti<\/strong>, del equipo\u00a0<strong>Roark Pave D&#8217;amico Women&#8217;s Cycling Team<\/strong>, se consagr\u00f3 ganadora de la\u00a0<strong>Doble San Francisco-Miramar\u00a0<\/strong>de damas. La ciclista mendocina se qued\u00f3 con las dos etapas de la carrera y se subi\u00f3 a lo m\u00e1s alto del podio este domingo.<\/p>\n<p><strong>Eliana Tocha<\/strong>\u00a0del equipo\u00a0<strong>Ladies Power<\/strong>, fue segunda en la etapa y tambi\u00e9n segunda en la general. En tanto,\u00a0<strong>Cristina Greve<\/strong>\u00a0del equipo\u00a0<strong>Rower<\/strong>\u00a0fue tercera en ambas clasificaciones.<\/p>\n<p><img loading=\"lazy\" decoding=\"async\" class=\"alignnone size-full wp-image-53177\" src=\"https:\/\/todoapulmon-rafaela.com\/wp-content\/uploads\/2024\/11\/Doble-Sanfra-Miramar5.jpg\" alt=\"\" width=\"1080\" height=\"1080\" srcset=\"https:\/\/todoapulmon-rafaela.com\/wp-content\/uploads\/2024\/11\/Doble-Sanfra-Miramar5.jpg 1080w, https:\/\/todoapulmon-rafaela.com\/wp-content\/uploads\/2024\/11\/Doble-Sanfra-Miramar5-300x300.jpg 300w, https:\/\/todoapulmon-rafaela.com\/wp-content\/uploads\/2024\/11\/Doble-Sanfra-Miramar5-150x150.jpg 150w\" sizes=\"(max-width: 1080px) 100vw, 1080px\" \/><\/p>\n<p>La rafaelina <strong>Melani Durando<\/strong> (Durando Team) qued\u00f3 en el puesto 42 de la general con un tiempo acumulado de 7h 24m 24s, en tanto que su compa\u00f1era <strong>Araceli Costamagna<\/strong> qued\u00f3 clasificada 50 tras completar los recorridos de ambas jornadas en 7h 46m 36s.<\/p>\n","protected":false},"excerpt":{"rendered":"<p>Mat\u00edas N\u00fa\u00f1ez, del equipo\u00a0Fornara Construcciones A, se consagr\u00f3 ganador de la 55\u00b0 edici\u00f3n de la Doble San Francisco-Miramar, una de<\/p>\n","protected":false},"author":2,"featured_media":53176,"comment_status":"closed","ping_status":"closed","sticky":false,"template":"","format":"standard","meta":{"footnotes":""},"categories":[4,24],"tags":[],"class_list":["post-53157","post","type-post","status-publish","format-standard","has-post-thumbnail","hentry","category-ciclismo","category-noticias-destacadas"],"cc_featured_image_caption":{"caption_text":"El Durando Team masculino.","source_text":"","source_url":""},"_links":{"self":[{"href":"https:\/\/todoapulmon-rafaela.com\/index.php\/wp-json\/wp\/v2\/posts\/53157"}],"collection":[{"href":"https:\/\/todoapulmon-rafaela.com\/index.php\/wp-json\/wp\/v2\/posts"}],"about":[{"href":"https:\/\/todoapulmon-rafaela.com\/index.php\/wp-json\/wp\/v2\/types\/post"}],"author":[{"embeddable":true,"href":"https:\/\/todoapulmon-rafaela.com\/index.php\/wp-json\/wp\/v2\/users\/2"}],"replies":[{"embeddable":true,"href":"https:\/\/todoapulmon-rafaela.com\/index.php\/wp-json\/wp\/v2\/comments?post=53157"}],"version-history":[{"count":2,"href":"https:\/\/todoapulmon-rafaela.com\/index.php\/wp-json\/wp\/v2\/posts\/53157\/revisions"}],"predecessor-version":[{"id":53179,"href":"https:\/\/todoapulmon-rafaela.com\/index.php\/wp-json\/wp\/v2\/posts\/53157\/revisions\/53179"}],"wp:featuredmedia":[{"embeddable":true,"href":"https:\/\/todoapulmon-rafaela.com\/index.php\/wp-json\/wp\/v2\/media\/53176"}],"wp:attachment":[{"href":"https:\/\/todoapulmon-rafaela.com\/index.php\/wp-json\/wp\/v2\/media?parent=53157"}],"wp:term":[{"taxonomy":"category","embeddable":true,"href":"https:\/\/todoapulmon-rafaela.com\/index.php\/wp-json\/wp\/v2\/categories?post=53157"},{"taxonomy":"post_tag","embeddable":true,"href":"https:\/\/todoapulmon-rafaela.com\/index.php\/wp-json\/wp\/v2\/tags?post=53157"}],"curies":[{"name":"wp","href":"https:\/\/api.w.org\/{rel}","templated":true}]}}