{"id":53119,"date":"2024-11-23T19:13:46","date_gmt":"2024-11-23T19:13:46","guid":{"rendered":"https:\/\/todoapulmon-rafaela.com\/?p=53119"},"modified":"2024-11-23T19:14:52","modified_gmt":"2024-11-23T19:14:52","slug":"almagro-es-campeon-absoluto-sub-18","status":"publish","type":"post","link":"https:\/\/todoapulmon-rafaela.com\/index.php\/2024\/11\/23\/almagro-es-campeon-absoluto-sub-18\/","title":{"rendered":"Almagro es campe\u00f3n Absoluto Sub 18"},"content":{"rendered":"<p>Este s\u00e1bado se disput\u00f3 en Vila el Top Sub 18 femenino del Clausura de la Asociaci\u00f3n Rafaelina de Voley.<\/p>\n<p>Almagro A repiti\u00f3 la conquista del torneo Apertura y se coron\u00f3 de tal modo campe\u00f3n Absoluto, demostrando este equipo un muy buen nivel que le permiti\u00f3 alcanzar el merecido premio como mejor de la temporada.<\/p>\n<p><img loading=\"lazy\" decoding=\"async\" class=\"alignnone size-full wp-image-53122\" src=\"https:\/\/todoapulmon-rafaela.com\/wp-content\/uploads\/2024\/11\/IMG-20241123-WA0001.jpg\" alt=\"\" width=\"1259\" height=\"908\" srcset=\"https:\/\/todoapulmon-rafaela.com\/wp-content\/uploads\/2024\/11\/IMG-20241123-WA0001.jpg 1259w, https:\/\/todoapulmon-rafaela.com\/wp-content\/uploads\/2024\/11\/IMG-20241123-WA0001-300x216.jpg 300w\" sizes=\"(max-width: 1259px) 100vw, 1259px\" \/><\/p>\n<p>Hoy Almagro A se enfrent\u00f3 en semifinales con 9 de Julio y en la final con Uni\u00f3n A de Sunchales, venciendo en ambos encuentros con un claro 2-0.<\/p>\n<p>El equipo dirigido por Marina Francesconi estuvo integrado en este Top por:<\/p>\n<p>Ana Gaido<br \/>\nAngelina Romero<br \/>\nNarela Paz<br \/>\nAbril Sanches<br \/>\nAgustina Negro<br \/>\nMercedes Ludue\u00f1a<br \/>\nLara Crivello<br \/>\nSol Fontanessi.<\/p>\n<p><img loading=\"lazy\" decoding=\"async\" class=\"alignnone size-full wp-image-53121\" src=\"https:\/\/todoapulmon-rafaela.com\/wp-content\/uploads\/2024\/11\/IMG-20241123-WA0002.jpg\" alt=\"\" width=\"1280\" height=\"857\" srcset=\"https:\/\/todoapulmon-rafaela.com\/wp-content\/uploads\/2024\/11\/IMG-20241123-WA0002.jpg 1280w, https:\/\/todoapulmon-rafaela.com\/wp-content\/uploads\/2024\/11\/IMG-20241123-WA0002-300x201.jpg 300w\" sizes=\"(max-width: 1280px) 100vw, 1280px\" \/><\/p>\n<p>Por su parte, Almagro B jug\u00f3 semifinales en Copa de Plata contra Sportivo Santa Clara perdiendo 1-2 y cay\u00f3 ante Uni\u00f3n B por el 3er puesto, mostrando igualmente un marcado crecimiento.<\/p>\n<p>&nbsp;<\/p>\n","protected":false},"excerpt":{"rendered":"<p>Este s\u00e1bado se disput\u00f3 en Vila el Top Sub 18 femenino del Clausura de la Asociaci\u00f3n Rafaelina de Voley. Almagro<\/p>\n","protected":false},"author":2,"featured_media":53120,"comment_status":"closed","ping_status":"closed","sticky":false,"template":"","format":"standard","meta":{"footnotes":""},"categories":[24,16],"tags":[],"class_list":["post-53119","post","type-post","status-publish","format-standard","has-post-thumbnail","hentry","category-noticias-destacadas","category-voley"],"cc_featured_image_caption":{"caption_text":"","source_text":"","source_url":""},"_links":{"self":[{"href":"https:\/\/todoapulmon-rafaela.com\/index.php\/wp-json\/wp\/v2\/posts\/53119"}],"collection":[{"href":"https:\/\/todoapulmon-rafaela.com\/index.php\/wp-json\/wp\/v2\/posts"}],"about":[{"href":"https:\/\/todoapulmon-rafaela.com\/index.php\/wp-json\/wp\/v2\/types\/post"}],"author":[{"embeddable":true,"href":"https:\/\/todoapulmon-rafaela.com\/index.php\/wp-json\/wp\/v2\/users\/2"}],"replies":[{"embeddable":true,"href":"https:\/\/todoapulmon-rafaela.com\/index.php\/wp-json\/wp\/v2\/comments?post=53119"}],"version-history":[{"count":2,"href":"https:\/\/todoapulmon-rafaela.com\/index.php\/wp-json\/wp\/v2\/posts\/53119\/revisions"}],"predecessor-version":[{"id":53124,"href":"https:\/\/todoapulmon-rafaela.com\/index.php\/wp-json\/wp\/v2\/posts\/53119\/revisions\/53124"}],"wp:featuredmedia":[{"embeddable":true,"href":"https:\/\/todoapulmon-rafaela.com\/index.php\/wp-json\/wp\/v2\/media\/53120"}],"wp:attachment":[{"href":"https:\/\/todoapulmon-rafaela.com\/index.php\/wp-json\/wp\/v2\/media?parent=53119"}],"wp:term":[{"taxonomy":"category","embeddable":true,"href":"https:\/\/todoapulmon-rafaela.com\/index.php\/wp-json\/wp\/v2\/categories?post=53119"},{"taxonomy":"post_tag","embeddable":true,"href":"https:\/\/todoapulmon-rafaela.com\/index.php\/wp-json\/wp\/v2\/tags?post=53119"}],"curies":[{"name":"wp","href":"https:\/\/api.w.org\/{rel}","templated":true}]}}