{"id":53101,"date":"2024-11-22T21:09:17","date_gmt":"2024-11-22T21:09:17","guid":{"rendered":"https:\/\/todoapulmon-rafaela.com\/?p=53101"},"modified":"2024-11-23T14:53:16","modified_gmt":"2024-11-23T14:53:16","slug":"romitelli-se-consagro-por-tercera-vez-en-el-latinoamericano","status":"publish","type":"post","link":"https:\/\/todoapulmon-rafaela.com\/index.php\/2024\/11\/22\/romitelli-se-consagro-por-tercera-vez-en-el-latinoamericano\/","title":{"rendered":"Romitelli se consagr\u00f3 por tercera vez en el Latinoamericano"},"content":{"rendered":"<p>El tirador Germ\u00e1n Romitelli conquist\u00f3 su tercer t\u00edtulo Latinoamericano de tiro pr\u00e1ctico, en la edici\u00f3n 2024 que se desarroll\u00f3 esta semana en el Tiro Federal de C\u00f3rdoba.<\/p>\n<p>Si bien el rafaelino culmin\u00f3 segundo en el clasificador detr\u00e1s del franc\u00e9s Eric Grauffel, al ser el galo un invitado de otro continente, Romitelli fue premiado por tercer Latinoamericano consecutivo en lo m\u00e1s alto del podio como en las ediciones de 2016 y 2019.<\/p>\n<p><img loading=\"lazy\" decoding=\"async\" class=\"alignnone size-full wp-image-53105\" src=\"https:\/\/todoapulmon-rafaela.com\/wp-content\/uploads\/2024\/11\/Screenshot_20241122-154644_Instagram.jpg\" alt=\"\" width=\"720\" height=\"875\" srcset=\"https:\/\/todoapulmon-rafaela.com\/wp-content\/uploads\/2024\/11\/Screenshot_20241122-154644_Instagram.jpg 720w, https:\/\/todoapulmon-rafaela.com\/wp-content\/uploads\/2024\/11\/Screenshot_20241122-154644_Instagram-247x300.jpg 247w\" sizes=\"(max-width: 720px) 100vw, 720px\" \/><\/p>\n<p>En la categor\u00eda Producci\u00f3n, el deportista de nuestra ciudad que entrena en el pol\u00edgono cordob\u00e9s, qued\u00f3 muy cerca del laureado europeo con un score de 98.92. Tercero (segundo en el Latinoamericano) fue otro argentino, Juan Pablo Dur\u00e1n, con 96.57.<\/p>\n<p>Se dieron cita 702 deportistas de m\u00e1s de\u00a020 pa\u00edses en un campeonato que tuvo 24 etapas y 464 rondas. El director del Campeonato fue Ricardo Larra\u00f1agaque, vicepresidente 2\u00b0 de la Federaci\u00f3n Argentina de Tiro Pr\u00e1ctico.<\/p>\n<p>El certamen tuvo una organizaci\u00f3n impecable, siendo una prueba superada de cara a la posibilidad de que C\u00f3rdoba sea sede de un Mundial. El propio Grauffel dio su visto bueno, lo cual es indudablemente un espaldarazo importante.<\/p>\n<p>&nbsp;<\/p>\n","protected":false},"excerpt":{"rendered":"<p>El tirador Germ\u00e1n Romitelli conquist\u00f3 su tercer t\u00edtulo Latinoamericano de tiro pr\u00e1ctico, en la edici\u00f3n 2024 que se desarroll\u00f3 esta<\/p>\n","protected":false},"author":2,"featured_media":53104,"comment_status":"closed","ping_status":"closed","sticky":false,"template":"","format":"standard","meta":{"footnotes":""},"categories":[24,19],"tags":[],"class_list":["post-53101","post","type-post","status-publish","format-standard","has-post-thumbnail","hentry","category-noticias-destacadas","category-tiro"],"cc_featured_image_caption":{"caption_text":"","source_text":"","source_url":""},"_links":{"self":[{"href":"https:\/\/todoapulmon-rafaela.com\/index.php\/wp-json\/wp\/v2\/posts\/53101"}],"collection":[{"href":"https:\/\/todoapulmon-rafaela.com\/index.php\/wp-json\/wp\/v2\/posts"}],"about":[{"href":"https:\/\/todoapulmon-rafaela.com\/index.php\/wp-json\/wp\/v2\/types\/post"}],"author":[{"embeddable":true,"href":"https:\/\/todoapulmon-rafaela.com\/index.php\/wp-json\/wp\/v2\/users\/2"}],"replies":[{"embeddable":true,"href":"https:\/\/todoapulmon-rafaela.com\/index.php\/wp-json\/wp\/v2\/comments?post=53101"}],"version-history":[{"count":4,"href":"https:\/\/todoapulmon-rafaela.com\/index.php\/wp-json\/wp\/v2\/posts\/53101\/revisions"}],"predecessor-version":[{"id":53118,"href":"https:\/\/todoapulmon-rafaela.com\/index.php\/wp-json\/wp\/v2\/posts\/53101\/revisions\/53118"}],"wp:featuredmedia":[{"embeddable":true,"href":"https:\/\/todoapulmon-rafaela.com\/index.php\/wp-json\/wp\/v2\/media\/53104"}],"wp:attachment":[{"href":"https:\/\/todoapulmon-rafaela.com\/index.php\/wp-json\/wp\/v2\/media?parent=53101"}],"wp:term":[{"taxonomy":"category","embeddable":true,"href":"https:\/\/todoapulmon-rafaela.com\/index.php\/wp-json\/wp\/v2\/categories?post=53101"},{"taxonomy":"post_tag","embeddable":true,"href":"https:\/\/todoapulmon-rafaela.com\/index.php\/wp-json\/wp\/v2\/tags?post=53101"}],"curies":[{"name":"wp","href":"https:\/\/api.w.org\/{rel}","templated":true}]}}