{"id":53017,"date":"2024-11-19T17:11:59","date_gmt":"2024-11-19T17:11:59","guid":{"rendered":"https:\/\/todoapulmon-rafaela.com\/?p=53017"},"modified":"2024-11-19T17:20:23","modified_gmt":"2024-11-19T17:20:23","slug":"el-cierre-del-infanto-juvenil-en-la-rioja","status":"publish","type":"post","link":"https:\/\/todoapulmon-rafaela.com\/index.php\/2024\/11\/19\/el-cierre-del-infanto-juvenil-en-la-rioja\/","title":{"rendered":"El cierre del Infanto Juvenil en La Rioja con un campeonato"},"content":{"rendered":"<p>El domingo se corri\u00f3 la \u00faltima fecha del Campeonato Infanto Juvenil de ciclismo en la ciudad riojana de Chilecito. En esa competencia que congreg\u00f3 a alrededor de 150 pedalistas de varias provincias, estuvo una delegaci\u00f3n del Club Ciclista de Rafaela.<\/p>\n<p>Federico Dalmasso se consagr\u00f3 campe\u00f3n de la categor\u00eda 2009, Josefina Echaniz qued\u00f3 quinta en damas Menores, mientras que los 2013 Mirko Bedini y Benicio Valdez se ubicaron en los puestos 15 y 16, respectivamente.<\/p>\n","protected":false},"excerpt":{"rendered":"<p>El domingo se corri\u00f3 la \u00faltima fecha del Campeonato Infanto Juvenil de ciclismo en la ciudad riojana de Chilecito. En<\/p>\n","protected":false},"author":2,"featured_media":53018,"comment_status":"closed","ping_status":"closed","sticky":false,"template":"","format":"standard","meta":{"footnotes":""},"categories":[4],"tags":[],"class_list":["post-53017","post","type-post","status-publish","format-standard","has-post-thumbnail","hentry","category-ciclismo"],"cc_featured_image_caption":{"caption_text":"","source_text":"","source_url":""},"_links":{"self":[{"href":"https:\/\/todoapulmon-rafaela.com\/index.php\/wp-json\/wp\/v2\/posts\/53017"}],"collection":[{"href":"https:\/\/todoapulmon-rafaela.com\/index.php\/wp-json\/wp\/v2\/posts"}],"about":[{"href":"https:\/\/todoapulmon-rafaela.com\/index.php\/wp-json\/wp\/v2\/types\/post"}],"author":[{"embeddable":true,"href":"https:\/\/todoapulmon-rafaela.com\/index.php\/wp-json\/wp\/v2\/users\/2"}],"replies":[{"embeddable":true,"href":"https:\/\/todoapulmon-rafaela.com\/index.php\/wp-json\/wp\/v2\/comments?post=53017"}],"version-history":[{"count":2,"href":"https:\/\/todoapulmon-rafaela.com\/index.php\/wp-json\/wp\/v2\/posts\/53017\/revisions"}],"predecessor-version":[{"id":53020,"href":"https:\/\/todoapulmon-rafaela.com\/index.php\/wp-json\/wp\/v2\/posts\/53017\/revisions\/53020"}],"wp:featuredmedia":[{"embeddable":true,"href":"https:\/\/todoapulmon-rafaela.com\/index.php\/wp-json\/wp\/v2\/media\/53018"}],"wp:attachment":[{"href":"https:\/\/todoapulmon-rafaela.com\/index.php\/wp-json\/wp\/v2\/media?parent=53017"}],"wp:term":[{"taxonomy":"category","embeddable":true,"href":"https:\/\/todoapulmon-rafaela.com\/index.php\/wp-json\/wp\/v2\/categories?post=53017"},{"taxonomy":"post_tag","embeddable":true,"href":"https:\/\/todoapulmon-rafaela.com\/index.php\/wp-json\/wp\/v2\/tags?post=53017"}],"curies":[{"name":"wp","href":"https:\/\/api.w.org\/{rel}","templated":true}]}}