{"id":52954,"date":"2024-11-18T15:14:08","date_gmt":"2024-11-18T15:14:08","guid":{"rendered":"https:\/\/todoapulmon-rafaela.com\/?p=52954"},"modified":"2024-11-18T15:17:04","modified_gmt":"2024-11-18T15:17:04","slug":"rafaelinos-fueron-campeones-en-el-provincial-cordobes-de-rural-bike","status":"publish","type":"post","link":"https:\/\/todoapulmon-rafaela.com\/index.php\/2024\/11\/18\/rafaelinos-fueron-campeones-en-el-provincial-cordobes-de-rural-bike\/","title":{"rendered":"Rafaelinos fueron campeones en el Provincial Cordob\u00e9s de Rural Bike"},"content":{"rendered":"<p>Este domingo se disput\u00f3 el premio Coronaci\u00f3n en Miramar del Campeonato Provincial Cordob\u00e9s de Rural Bike, en el cual participaron varios bikers de Rafaela y zona.<\/p>\n<p>En esta \u00faltima fecha se impusieron Antonio Sabellotti, C\u00e9sar Peralta y Cristian Inwinkelried, que se consagraron campeones en sus respectivas categor\u00edas, al igual que Dar\u00edo Sedlacek.<\/p>\n<p><strong>PRINCIPALES RESULTADOS ULTIMA FECHA<\/strong><\/p>\n<p><strong>Damas A:<\/strong> 4) Victoria Delbo.<\/p>\n<p><strong>Damas B:<\/strong> 1) Sonia Ulrich, 2) Marina Rossi.<\/p>\n<p><strong>Varones Elite:<\/strong> 4) Mat\u00edas Vilches.<\/p>\n<p><strong>Varones A1:<\/strong> 1) Antonio Sabellotti.<\/p>\n<p><img loading=\"lazy\" decoding=\"async\" class=\"alignnone size-full wp-image-52963\" src=\"https:\/\/todoapulmon-rafaela.com\/wp-content\/uploads\/2024\/11\/Coronacion-Miramar-5.jpg\" alt=\"\" width=\"1370\" height=\"2048\" srcset=\"https:\/\/todoapulmon-rafaela.com\/wp-content\/uploads\/2024\/11\/Coronacion-Miramar-5.jpg 1370w, https:\/\/todoapulmon-rafaela.com\/wp-content\/uploads\/2024\/11\/Coronacion-Miramar-5-201x300.jpg 201w, https:\/\/todoapulmon-rafaela.com\/wp-content\/uploads\/2024\/11\/Coronacion-Miramar-5-1003x1500.jpg 1003w, https:\/\/todoapulmon-rafaela.com\/wp-content\/uploads\/2024\/11\/Coronacion-Miramar-5-1028x1536.jpg 1028w\" sizes=\"(max-width: 1370px) 100vw, 1370px\" \/><\/p>\n<p><strong>Master B2:<\/strong> 1) C\u00e9sar Peralta.<\/p>\n<p><strong>Master C1:<\/strong> 1) Cristian Inwinkelried.<\/p>\n<p><strong>Master C2:<\/strong> 2) Gabriel Schmidt&#8230;5) Jos\u00e9 Favre.<\/p>\n<p>Los destacados en el campeonato:<\/p>\n<p><strong>A1:<\/strong> campe\u00f3n Antonio Sabellotti, cuarto Dami\u00e1n Sosa.<\/p>\n<p><strong>B1:<\/strong> 4) Ra\u00fal Boretto.<\/p>\n<p><strong>B2:<\/strong> campe\u00f3n C\u00e9sar Peralta, 10) Javier Cabrera.<\/p>\n<p><img loading=\"lazy\" decoding=\"async\" class=\"alignnone size-full wp-image-52965\" src=\"https:\/\/todoapulmon-rafaela.com\/wp-content\/uploads\/2024\/11\/Coronacion-Miramar-2.jpg\" alt=\"\" width=\"2048\" height=\"1370\" srcset=\"https:\/\/todoapulmon-rafaela.com\/wp-content\/uploads\/2024\/11\/Coronacion-Miramar-2.jpg 2048w, https:\/\/todoapulmon-rafaela.com\/wp-content\/uploads\/2024\/11\/Coronacion-Miramar-2-300x201.jpg 300w, https:\/\/todoapulmon-rafaela.com\/wp-content\/uploads\/2024\/11\/Coronacion-Miramar-2-1536x1028.jpg 1536w\" sizes=\"(max-width: 2048px) 100vw, 2048px\" \/><\/p>\n<p><strong>C1:<\/strong> campe\u00f3n Cristian Inwinkelried.<\/p>\n<p><strong>C2:<\/strong> subcampe\u00f3n Gabriel Schmidt, 4) Jos\u00e9 Luis Favre.<\/p>\n<p><strong>D1:<\/strong> campe\u00f3n Dar\u00edo Sedlacek.<\/p>\n<p><strong>Damas B:<\/strong> 4) Marina Rossi, 5) Sonia Ulrich.<\/p>\n","protected":false},"excerpt":{"rendered":"<p>Este domingo se disput\u00f3 el premio Coronaci\u00f3n en Miramar del Campeonato Provincial Cordob\u00e9s de Rural Bike, en el cual participaron<\/p>\n","protected":false},"author":2,"featured_media":52962,"comment_status":"closed","ping_status":"closed","sticky":false,"template":"","format":"standard","meta":{"footnotes":""},"categories":[4,24],"tags":[],"class_list":["post-52954","post","type-post","status-publish","format-standard","has-post-thumbnail","hentry","category-ciclismo","category-noticias-destacadas"],"cc_featured_image_caption":{"caption_text":"La premiaci\u00f3n de C1, categor\u00eda que tuvo como ganador y campe\u00f3n a Cristian Inwinkelried (foto Rosana Cuello).","source_text":"","source_url":""},"_links":{"self":[{"href":"https:\/\/todoapulmon-rafaela.com\/index.php\/wp-json\/wp\/v2\/posts\/52954"}],"collection":[{"href":"https:\/\/todoapulmon-rafaela.com\/index.php\/wp-json\/wp\/v2\/posts"}],"about":[{"href":"https:\/\/todoapulmon-rafaela.com\/index.php\/wp-json\/wp\/v2\/types\/post"}],"author":[{"embeddable":true,"href":"https:\/\/todoapulmon-rafaela.com\/index.php\/wp-json\/wp\/v2\/users\/2"}],"replies":[{"embeddable":true,"href":"https:\/\/todoapulmon-rafaela.com\/index.php\/wp-json\/wp\/v2\/comments?post=52954"}],"version-history":[{"count":1,"href":"https:\/\/todoapulmon-rafaela.com\/index.php\/wp-json\/wp\/v2\/posts\/52954\/revisions"}],"predecessor-version":[{"id":52966,"href":"https:\/\/todoapulmon-rafaela.com\/index.php\/wp-json\/wp\/v2\/posts\/52954\/revisions\/52966"}],"wp:featuredmedia":[{"embeddable":true,"href":"https:\/\/todoapulmon-rafaela.com\/index.php\/wp-json\/wp\/v2\/media\/52962"}],"wp:attachment":[{"href":"https:\/\/todoapulmon-rafaela.com\/index.php\/wp-json\/wp\/v2\/media?parent=52954"}],"wp:term":[{"taxonomy":"category","embeddable":true,"href":"https:\/\/todoapulmon-rafaela.com\/index.php\/wp-json\/wp\/v2\/categories?post=52954"},{"taxonomy":"post_tag","embeddable":true,"href":"https:\/\/todoapulmon-rafaela.com\/index.php\/wp-json\/wp\/v2\/tags?post=52954"}],"curies":[{"name":"wp","href":"https:\/\/api.w.org\/{rel}","templated":true}]}}