{"id":52576,"date":"2024-11-03T20:09:45","date_gmt":"2024-11-03T20:09:45","guid":{"rendered":"https:\/\/todoapulmon-rafaela.com\/?p=52576"},"modified":"2024-11-03T20:09:45","modified_gmt":"2024-11-03T20:09:45","slug":"partieron-los-atletas-de-rafaela-y-zona-rumbo-a-los-juegos-evita","status":"publish","type":"post","link":"https:\/\/todoapulmon-rafaela.com\/index.php\/2024\/11\/03\/partieron-los-atletas-de-rafaela-y-zona-rumbo-a-los-juegos-evita\/","title":{"rendered":"Partieron los atletas de Rafaela y zona rumbo a los Juegos Evita"},"content":{"rendered":"<p>En las primeras horas de la tarde partieron desde nuestra ciudad los atletas del Nodo Rafaela que integrar\u00e1n la delegaci\u00f3n provincial en los Juegos Nacionales Evita, que se disputar\u00e1n del 4 al 9 de noviembre en Mar del Plata. Ser\u00e1 una versi\u00f3n un tanto m\u00e1s reducida, en cuanto a disciplinas y categor\u00edas.<\/p>\n<p>En este a\u00f1o solamente se competir\u00e1 en Sub 16. Y en Sub 18 en deportistas con discapacidad.<\/p>\n<p>Como ocurre a\u00f1o a a\u00f1o, habr\u00e1 representantes de nuestra ciudad y regi\u00f3n que integrar\u00e1n la delegaci\u00f3n de Santa Fe, clasificados en las competencias realizadas hace algunas semanas.<\/p>\n<p>En total, la delegaci\u00f3n santafesina ser\u00e1 de 275 atletas que defender\u00e1n la bandera de \u2018La Invencible\u2019 en los Juegos.<\/p>\n<p>La representaci\u00f3n estar\u00e1 integrada por un total de 396 personas, que partir\u00e1n desde Rosario este domingo por la noche y, previamente al viaje, habr\u00e1 un agasajo en el que se los reconocer\u00e1 por el esfuerzo ya realizado en las etapas de competencia de Santa Fe en Movimiento, para motivarlos a disfrutar de una gran experiencia, as\u00ed como tambi\u00e9n para entregarles la indumentaria que utilizar\u00e1n.<\/p>\n<p>En total, en los Juegos Nacionales se competir\u00e1 en 32 disciplinas: Atletismo, Atletismo Adaptado, Badminton, B\u00e1squet 3&#215;3, B\u00e1squet 3&#215;3 Adaptado, Boccia, Boxeo, Canotaje, Ciclismo, Esgrima, Futsal, Goalball, Handball de Playa, Hockey, Judo, Karate, Levantamiento Ol\u00edmpico, Lucha, Nataci\u00f3n, Nataci\u00f3n Adaptada, Rugby, Skate, Taekwondo, Tenis, Tenis de Mesa, Tenis de Mesa Adaptado, Tiro, Tiro con Arco, Triatl\u00f3n, Voleibol, Voleibol de Playa, Voley Sentado.<\/p>\n<p>A continuaci\u00f3n el detalle de los participantes del Nodo Rafaela:<\/p>\n<p><strong>ATLETISMO FEMENINO<\/strong><br \/>\n*Malena Coronel (San Guillermo)<br \/>\n*Pamela Coronel (San Guillermo)<br \/>\n*Elisa Mu\u00f1oz (San Guillermo)<br \/>\n*Milagros Kuriger (Rafaela)<br \/>\n*Josefina Gutierrez (Rafaela)<br \/>\n*Mar\u00eda Jos\u00e9 Villalba (entrenadora acompa\u00f1ante).<\/p>\n<p><strong>ATLETISMO MASCULINO:<\/strong><br \/>\n*Gael Voisard (San Guillermo)<br \/>\n*Thiago Molinatto (San Guillermo)<br \/>\n*Ayrton Leiva (San Guillermo).<\/p>\n<p><strong>CICLISMO:<\/strong><br \/>\n*Federico Dalmasso (Bella Italia)<br \/>\n*Alejandro Echaniz (mec\u00e1nico-entrenador)<br \/>\n*Daniel Capella (delegado).<\/p>\n<p><strong>TIRO CON ARCO:<\/strong><br \/>\n*Franco Fioramonte (Ataliva)<br \/>\n*Andrio Trossero (Ataliva- entrenador).<\/p>\n<p><strong>VOLEIBOL:<\/strong><\/p>\n<p>*Joaqu\u00edn Burkett (Rafaela), integra el equipo. Juega en Sonder de Rosario.<\/p>\n<p><strong>NATACI\u00d3N:<\/strong><br \/>\n*Esmeralda Fler (Sunchales)<br \/>\n*Hernan Bergesio (Entrenador- Sunchales).<\/p>\n<p><strong>BOXEO:<\/strong><br \/>\n*Luca Colman (Rafaela)<br \/>\n*Mauro Lobos (ENTRENADOR- RAFAELA).<\/p>\n<p>RUGBY:<br \/>\n*Bautista Acevedo (San Vicente)<br \/>\n*Joaquin Acevedo (San Vicente)<br \/>\n*Elias Martini (San Vicente)<br \/>\n*Ignacio Coll (Sunchales)<br \/>\n*Ignacio Boglino (San Jorge)<br \/>\n*Mateo Gieco (San Jorge)<br \/>\n*Leandro S\u00e1nchez (San Vicente- entrenador).<\/p>\n<p><strong>HOCKEY FEMENINO:<\/strong><br \/>\n*Alma Mondino (Rafaela), integra el equipo. Juega en CRAR.<\/p>\n<p><strong>KARATE:<\/strong><br \/>\n*Juan Butarelli (El Tr\u00e9bol)<br \/>\n*Juan Bruno (El Tr\u00e9bol).<\/p>\n<p><strong>DEPORTISTAS CON DISCAPACIDAD<\/strong><\/p>\n<p><strong>ATLETISMO FEMENINO<\/strong><br \/>\n*Catalina Vaschetto (San Mart\u00edn de las Escobas),<\/p>\n<p><strong>ATLETISMO MASCULINO<\/strong><br \/>\n*Darwin Chazarreta (Gregoria Perez de Denis)<br \/>\n*Maximiliano Fontanessi (Logro\u00f1o).<\/p>\n<p><strong>BOCCIA:<\/strong><br \/>\n*Thiago C\u00e1ceres (San Jorge).<\/p>\n<p><strong>TENIS DE MESA:<\/strong><br \/>\n*Le\u00f3n Tettamantti (Rafaela).<\/p>\n","protected":false},"excerpt":{"rendered":"<p>En las primeras horas de la tarde partieron desde nuestra ciudad los atletas del Nodo Rafaela que integrar\u00e1n la delegaci\u00f3n<\/p>\n","protected":false},"author":2,"featured_media":52577,"comment_status":"closed","ping_status":"closed","sticky":false,"template":"","format":"standard","meta":{"footnotes":""},"categories":[24],"tags":[],"class_list":["post-52576","post","type-post","status-publish","format-standard","has-post-thumbnail","hentry","category-noticias-destacadas"],"cc_featured_image_caption":{"caption_text":"","source_text":"","source_url":""},"_links":{"self":[{"href":"https:\/\/todoapulmon-rafaela.com\/index.php\/wp-json\/wp\/v2\/posts\/52576"}],"collection":[{"href":"https:\/\/todoapulmon-rafaela.com\/index.php\/wp-json\/wp\/v2\/posts"}],"about":[{"href":"https:\/\/todoapulmon-rafaela.com\/index.php\/wp-json\/wp\/v2\/types\/post"}],"author":[{"embeddable":true,"href":"https:\/\/todoapulmon-rafaela.com\/index.php\/wp-json\/wp\/v2\/users\/2"}],"replies":[{"embeddable":true,"href":"https:\/\/todoapulmon-rafaela.com\/index.php\/wp-json\/wp\/v2\/comments?post=52576"}],"version-history":[{"count":1,"href":"https:\/\/todoapulmon-rafaela.com\/index.php\/wp-json\/wp\/v2\/posts\/52576\/revisions"}],"predecessor-version":[{"id":52578,"href":"https:\/\/todoapulmon-rafaela.com\/index.php\/wp-json\/wp\/v2\/posts\/52576\/revisions\/52578"}],"wp:featuredmedia":[{"embeddable":true,"href":"https:\/\/todoapulmon-rafaela.com\/index.php\/wp-json\/wp\/v2\/media\/52577"}],"wp:attachment":[{"href":"https:\/\/todoapulmon-rafaela.com\/index.php\/wp-json\/wp\/v2\/media?parent=52576"}],"wp:term":[{"taxonomy":"category","embeddable":true,"href":"https:\/\/todoapulmon-rafaela.com\/index.php\/wp-json\/wp\/v2\/categories?post=52576"},{"taxonomy":"post_tag","embeddable":true,"href":"https:\/\/todoapulmon-rafaela.com\/index.php\/wp-json\/wp\/v2\/tags?post=52576"}],"curies":[{"name":"wp","href":"https:\/\/api.w.org\/{rel}","templated":true}]}}