{"id":52282,"date":"2024-10-21T17:31:05","date_gmt":"2024-10-21T17:31:05","guid":{"rendered":"https:\/\/todoapulmon-rafaela.com\/?p=52282"},"modified":"2024-10-21T17:31:05","modified_gmt":"2024-10-21T17:31:05","slug":"romano-maza-se-impuso-en-los-21k-de-santo-tome","status":"publish","type":"post","link":"https:\/\/todoapulmon-rafaela.com\/index.php\/2024\/10\/21\/romano-maza-se-impuso-en-los-21k-de-santo-tome\/","title":{"rendered":"Romano Maza se impuso en los 21k de Santo Tom\u00e9"},"content":{"rendered":"<p>Este domingo varios runners de nuestra ciudad se trasladaron hasta Santo Tom\u00e9, donde se corrieron 5, 10 y 21k de esa ciudad.<\/p>\n<p>Como es habitual, los representantes del grupo Runnea tuvieron destacadas performances.<\/p>\n<p>Romano Maza fue el ganador de los 21k con un tiempo de 1h 16m 40s. El atleta entrenado por Ariel Magallanes y Roc\u00edo Donnet se impuso con m\u00e1s de 14 minutos de diferencia con el segundo Alexander P\u00e9rez, mientras que tercero fue Fernando Laborie.<\/p>\n<p>En los 10k tambi\u00e9n se destacaron otros dos Runnea. Alfredo Brega fue tercero en la general con marca de 37m 54s y Aram Gonz\u00e1lez cuarto (primero en su categor\u00eda) con tiempo de 39m34s.<\/p>\n<p><img loading=\"lazy\" decoding=\"async\" class=\"alignnone size-full wp-image-52285\" src=\"https:\/\/todoapulmon-rafaela.com\/wp-content\/uploads\/2024\/10\/IMG-20241021-WA0011.jpg\" alt=\"\" width=\"960\" height=\"1280\" srcset=\"https:\/\/todoapulmon-rafaela.com\/wp-content\/uploads\/2024\/10\/IMG-20241021-WA0011.jpg 960w, https:\/\/todoapulmon-rafaela.com\/wp-content\/uploads\/2024\/10\/IMG-20241021-WA0011-225x300.jpg 225w\" sizes=\"(max-width: 960px) 100vw, 960px\" \/><\/p>\n<p>En tanto, Nicol\u00e1s Ruggieri fue primero en su categor\u00eda.<\/p>\n<p><img loading=\"lazy\" decoding=\"async\" class=\"alignnone size-full wp-image-52286\" src=\"https:\/\/todoapulmon-rafaela.com\/wp-content\/uploads\/2024\/10\/IMG-20241021-WA0009-scaled.jpg\" alt=\"\" width=\"1920\" height=\"2560\" srcset=\"https:\/\/todoapulmon-rafaela.com\/wp-content\/uploads\/2024\/10\/IMG-20241021-WA0009-scaled.jpg 1920w, https:\/\/todoapulmon-rafaela.com\/wp-content\/uploads\/2024\/10\/IMG-20241021-WA0009-225x300.jpg 225w, https:\/\/todoapulmon-rafaela.com\/wp-content\/uploads\/2024\/10\/IMG-20241021-WA0009-1125x1500.jpg 1125w, https:\/\/todoapulmon-rafaela.com\/wp-content\/uploads\/2024\/10\/IMG-20241021-WA0009-1152x1536.jpg 1152w, https:\/\/todoapulmon-rafaela.com\/wp-content\/uploads\/2024\/10\/IMG-20241021-WA0009-1536x2048.jpg 1536w\" sizes=\"(max-width: 1920px) 100vw, 1920px\" \/><\/p>\n<p>Asimismo, Leandro Dona fue tercero en la general de 5k con un registro de 20m 51s.<\/p>\n","protected":false},"excerpt":{"rendered":"<p>Este domingo varios runners de nuestra ciudad se trasladaron hasta Santo Tom\u00e9, donde se corrieron 5, 10 y 21k de<\/p>\n","protected":false},"author":2,"featured_media":52284,"comment_status":"closed","ping_status":"closed","sticky":false,"template":"","format":"standard","meta":{"footnotes":""},"categories":[7,24],"tags":[],"class_list":["post-52282","post","type-post","status-publish","format-standard","has-post-thumbnail","hentry","category-atletismo","category-noticias-destacadas"],"cc_featured_image_caption":{"caption_text":"","source_text":"","source_url":""},"_links":{"self":[{"href":"https:\/\/todoapulmon-rafaela.com\/index.php\/wp-json\/wp\/v2\/posts\/52282"}],"collection":[{"href":"https:\/\/todoapulmon-rafaela.com\/index.php\/wp-json\/wp\/v2\/posts"}],"about":[{"href":"https:\/\/todoapulmon-rafaela.com\/index.php\/wp-json\/wp\/v2\/types\/post"}],"author":[{"embeddable":true,"href":"https:\/\/todoapulmon-rafaela.com\/index.php\/wp-json\/wp\/v2\/users\/2"}],"replies":[{"embeddable":true,"href":"https:\/\/todoapulmon-rafaela.com\/index.php\/wp-json\/wp\/v2\/comments?post=52282"}],"version-history":[{"count":2,"href":"https:\/\/todoapulmon-rafaela.com\/index.php\/wp-json\/wp\/v2\/posts\/52282\/revisions"}],"predecessor-version":[{"id":52287,"href":"https:\/\/todoapulmon-rafaela.com\/index.php\/wp-json\/wp\/v2\/posts\/52282\/revisions\/52287"}],"wp:featuredmedia":[{"embeddable":true,"href":"https:\/\/todoapulmon-rafaela.com\/index.php\/wp-json\/wp\/v2\/media\/52284"}],"wp:attachment":[{"href":"https:\/\/todoapulmon-rafaela.com\/index.php\/wp-json\/wp\/v2\/media?parent=52282"}],"wp:term":[{"taxonomy":"category","embeddable":true,"href":"https:\/\/todoapulmon-rafaela.com\/index.php\/wp-json\/wp\/v2\/categories?post=52282"},{"taxonomy":"post_tag","embeddable":true,"href":"https:\/\/todoapulmon-rafaela.com\/index.php\/wp-json\/wp\/v2\/tags?post=52282"}],"curies":[{"name":"wp","href":"https:\/\/api.w.org\/{rel}","templated":true}]}}