{"id":52198,"date":"2024-10-19T00:00:04","date_gmt":"2024-10-19T00:00:04","guid":{"rendered":"https:\/\/todoapulmon-rafaela.com\/?p=52198"},"modified":"2024-10-19T00:34:17","modified_gmt":"2024-10-19T00:34:17","slug":"lucia-gonzalez-plata-por-equipos-y-clasificada-a-dos-finales","status":"publish","type":"post","link":"https:\/\/todoapulmon-rafaela.com\/index.php\/2024\/10\/19\/lucia-gonzalez-plata-por-equipos-y-clasificada-a-dos-finales\/","title":{"rendered":"Luc\u00eda Gonz\u00e1lez, plata por equipos y clasificada a dos finales"},"content":{"rendered":"<p>Feliz presentaci\u00f3n internacional este viernes para Luc\u00eda Gonz\u00e1lez con el equipo argentino en el Sudamericano de gimnasia art\u00edstica que se desarrolla en Aracaj\u00fa, Brasil.<\/p>\n<p><img loading=\"lazy\" decoding=\"async\" class=\"alignnone size-full wp-image-52206\" src=\"https:\/\/todoapulmon-rafaela.com\/wp-content\/uploads\/2024\/10\/IMG-20241018-WA0024.jpg\" alt=\"\" width=\"720\" height=\"1280\" srcset=\"https:\/\/todoapulmon-rafaela.com\/wp-content\/uploads\/2024\/10\/IMG-20241018-WA0024.jpg 720w, https:\/\/todoapulmon-rafaela.com\/wp-content\/uploads\/2024\/10\/IMG-20241018-WA0024-169x300.jpg 169w\" sizes=\"(max-width: 720px) 100vw, 720px\" \/><\/p>\n<p>La deportista de CREAR Club, entrenada por V\u00edctor Ingaramo, junto a sus compa\u00f1eras obtuvo la medalla de plata en la competencia por equipos, donde se impuso Brasil y qued\u00f3 tercero Panam\u00e1. Los varones tambi\u00e9n fueron subcampeones.<\/p>\n<p>En cuanto a la faz individual, la destacada performance de la rafaelina le permiti\u00f3 clasificarse para las finales de dos aparatos: salto y suelo. La primera est\u00e1 prevista para la tarde del s\u00e1bado y en suelo el domingo.<\/p>\n<p>Tambi\u00e9n ma\u00f1ana se har\u00e1 la premiaci\u00f3n por equipos. En el All Araund Luc\u00eda no hizo viga, ya que el objetivo a nivel grupal era aportar en los aparatos mencionados, y se logr\u00f3.<\/p>\n<p>BALANCE ARGENTINO<\/p>\n<p>Argentina tiene una nueva campeona sudamericana All Around. Se trata de Milagros Curti Ruiz quien sum\u00f3 52.100pts y se subi\u00f3 a lo m\u00e1s alto del podio. En gimnasia art\u00edstica masculina, Santiago Mayol se qued\u00f3 con la medalla de bronce.<\/p>\n<p>Las finales por aparatos ser\u00e1n s\u00e1bado y domingo a las 15.30hs. Los argentinos clasificados son:<\/p>\n<p>GAM:<\/p>\n<p>\u25aa\ufe0fSuelo<br \/>\nSantiago Mayol e Ivo Chiaponi<br \/>\n\u25aa\ufe0fArzones<br \/>\nSantiago Mayol<br \/>\n\u25aa\ufe0fAnillas<br \/>\nDaniel Villafa\u00f1e y Juli\u00e1n Inguanti<br \/>\n\u25aa\ufe0fSalto<br \/>\nDaniel Villafa\u00f1e<br \/>\n\u25aa\ufe0fParalelas<br \/>\nJuli\u00e1n Jato e Ivo Chiaponi<br \/>\n\u25aa\ufe0fBarra fija<br \/>\nSantiago Mayol y Juli\u00e1n Jato<\/p>\n<p>GAF<br \/>\n\u25aa\ufe0f<strong>Salto<\/strong><br \/>\n<strong>Luc\u00eda Gonzalez<\/strong><br \/>\n\u25aa\ufe0fParalelas<br \/>\nSira Mac\u00edas y Milagros Curti Ruiz<br \/>\n\u25aa\ufe0fViga<br \/>\nMilagros Curti Ruiz<br \/>\n\u25aa\ufe0f<strong>Suelo<\/strong><br \/>\nMilagros Curti Ruiz y <strong>Luc\u00eda Gonz\u00e1lez.<\/strong><\/p>\n","protected":false},"excerpt":{"rendered":"<p>Feliz presentaci\u00f3n internacional este viernes para Luc\u00eda Gonz\u00e1lez con el equipo argentino en el Sudamericano de gimnasia art\u00edstica que se<\/p>\n","protected":false},"author":2,"featured_media":52205,"comment_status":"closed","ping_status":"closed","sticky":false,"template":"","format":"standard","meta":{"footnotes":""},"categories":[24],"tags":[],"class_list":["post-52198","post","type-post","status-publish","format-standard","has-post-thumbnail","hentry","category-noticias-destacadas"],"cc_featured_image_caption":{"caption_text":"Luc\u00eda Gonz\u00e1lez y V\u00edctor Ingaramo.","source_text":"","source_url":""},"_links":{"self":[{"href":"https:\/\/todoapulmon-rafaela.com\/index.php\/wp-json\/wp\/v2\/posts\/52198"}],"collection":[{"href":"https:\/\/todoapulmon-rafaela.com\/index.php\/wp-json\/wp\/v2\/posts"}],"about":[{"href":"https:\/\/todoapulmon-rafaela.com\/index.php\/wp-json\/wp\/v2\/types\/post"}],"author":[{"embeddable":true,"href":"https:\/\/todoapulmon-rafaela.com\/index.php\/wp-json\/wp\/v2\/users\/2"}],"replies":[{"embeddable":true,"href":"https:\/\/todoapulmon-rafaela.com\/index.php\/wp-json\/wp\/v2\/comments?post=52198"}],"version-history":[{"count":4,"href":"https:\/\/todoapulmon-rafaela.com\/index.php\/wp-json\/wp\/v2\/posts\/52198\/revisions"}],"predecessor-version":[{"id":52207,"href":"https:\/\/todoapulmon-rafaela.com\/index.php\/wp-json\/wp\/v2\/posts\/52198\/revisions\/52207"}],"wp:featuredmedia":[{"embeddable":true,"href":"https:\/\/todoapulmon-rafaela.com\/index.php\/wp-json\/wp\/v2\/media\/52205"}],"wp:attachment":[{"href":"https:\/\/todoapulmon-rafaela.com\/index.php\/wp-json\/wp\/v2\/media?parent=52198"}],"wp:term":[{"taxonomy":"category","embeddable":true,"href":"https:\/\/todoapulmon-rafaela.com\/index.php\/wp-json\/wp\/v2\/categories?post=52198"},{"taxonomy":"post_tag","embeddable":true,"href":"https:\/\/todoapulmon-rafaela.com\/index.php\/wp-json\/wp\/v2\/tags?post=52198"}],"curies":[{"name":"wp","href":"https:\/\/api.w.org\/{rel}","templated":true}]}}