{"id":52066,"date":"2024-10-14T18:03:40","date_gmt":"2024-10-14T18:03:40","guid":{"rendered":"https:\/\/todoapulmon-rafaela.com\/?p=52066"},"modified":"2024-10-14T18:03:40","modified_gmt":"2024-10-14T18:03:40","slug":"bicicleteada-por-las-calles-de-la-ciudad","status":"publish","type":"post","link":"https:\/\/todoapulmon-rafaela.com\/index.php\/2024\/10\/14\/bicicleteada-por-las-calles-de-la-ciudad\/","title":{"rendered":"Bicicleteada por las calles de la ciudad"},"content":{"rendered":"<div>Gracias al inter\u00e9s y participaci\u00f3n de la ciudadan\u00eda en este tipo de actividades, el Gobierno municipal contin\u00faa llevando adelante bicicleteadas por las calles de nuestra ciudad.<\/div>\n<div>El objetivo es fomentar la movilidad activa y sustentable, la actividad f\u00edsica, el cuidado de la salud y del ambiente, disfrutando en familia de las ciclov\u00edas y ciclocarriles de la ciudad.<\/div>\n<div><\/div>\n<div>El evento es organizado por el Instituto para el Desarrollo Sustentable, junto con la Subsecretar\u00eda de Deportes de la Municipalidad de Rafaela, es de car\u00e1cter gratuito y no requiere inscripci\u00f3n previa.<\/div>\n<div><\/div>\n<div>Ser\u00e1 el mi\u00e9rcoles 16 de octubre a las 20:00, con salida y llegada en la Plaza 25 de Mayo (Moreno 8, frente al palacio municipal). Se recorrer\u00e1n 8 kil\u00f3metros aproximadamente. Al final del trayecto habr\u00e1 una clase de estiramiento junto a profesionales del municipio y tambi\u00e9n numerosos sorteos con premios de Bicicleter\u00eda Peretti y Casa Delma.<\/div>\n<div><\/div>\n<div>La propuesta tendr\u00e1 duraci\u00f3n de una hora, estar\u00e1 acompa\u00f1ada por el grupo ciclista Los Picantes\u00a0 y se realizar\u00e1 a ritmo moderado para que puedan participar grandes y chicos, teniendo presente que es un espacio de encuentro y recreaci\u00f3n para las familias rafaelinas.<\/div>\n<div><\/div>\n<div>La actividad es un plan ideal para quienes quieren disfrutar de la actividad f\u00edsica, al aire libre y la buena compa\u00f1\u00eda. Es fundamental que los participantes lleven botellas de agua. En caso de mal tiempo la actividad ser\u00e1 reprogramada.<\/div>\n<div><\/div>\n","protected":false},"excerpt":{"rendered":"<p>Gracias al inter\u00e9s y participaci\u00f3n de la ciudadan\u00eda en este tipo de actividades, el Gobierno municipal contin\u00faa llevando adelante bicicleteadas<\/p>\n","protected":false},"author":2,"featured_media":52067,"comment_status":"closed","ping_status":"closed","sticky":false,"template":"","format":"standard","meta":{"footnotes":""},"categories":[4],"tags":[],"class_list":["post-52066","post","type-post","status-publish","format-standard","has-post-thumbnail","hentry","category-ciclismo"],"cc_featured_image_caption":{"caption_text":"Foto Prensa Municipalidad ","source_text":"","source_url":""},"_links":{"self":[{"href":"https:\/\/todoapulmon-rafaela.com\/index.php\/wp-json\/wp\/v2\/posts\/52066"}],"collection":[{"href":"https:\/\/todoapulmon-rafaela.com\/index.php\/wp-json\/wp\/v2\/posts"}],"about":[{"href":"https:\/\/todoapulmon-rafaela.com\/index.php\/wp-json\/wp\/v2\/types\/post"}],"author":[{"embeddable":true,"href":"https:\/\/todoapulmon-rafaela.com\/index.php\/wp-json\/wp\/v2\/users\/2"}],"replies":[{"embeddable":true,"href":"https:\/\/todoapulmon-rafaela.com\/index.php\/wp-json\/wp\/v2\/comments?post=52066"}],"version-history":[{"count":1,"href":"https:\/\/todoapulmon-rafaela.com\/index.php\/wp-json\/wp\/v2\/posts\/52066\/revisions"}],"predecessor-version":[{"id":52068,"href":"https:\/\/todoapulmon-rafaela.com\/index.php\/wp-json\/wp\/v2\/posts\/52066\/revisions\/52068"}],"wp:featuredmedia":[{"embeddable":true,"href":"https:\/\/todoapulmon-rafaela.com\/index.php\/wp-json\/wp\/v2\/media\/52067"}],"wp:attachment":[{"href":"https:\/\/todoapulmon-rafaela.com\/index.php\/wp-json\/wp\/v2\/media?parent=52066"}],"wp:term":[{"taxonomy":"category","embeddable":true,"href":"https:\/\/todoapulmon-rafaela.com\/index.php\/wp-json\/wp\/v2\/categories?post=52066"},{"taxonomy":"post_tag","embeddable":true,"href":"https:\/\/todoapulmon-rafaela.com\/index.php\/wp-json\/wp\/v2\/tags?post=52066"}],"curies":[{"name":"wp","href":"https:\/\/api.w.org\/{rel}","templated":true}]}}