{"id":52032,"date":"2024-10-15T14:52:23","date_gmt":"2024-10-15T14:52:23","guid":{"rendered":"https:\/\/todoapulmon-rafaela.com\/?p=52032"},"modified":"2024-10-15T14:57:29","modified_gmt":"2024-10-15T14:57:29","slug":"campeonato-provincial-u16-con-clasificaciones-para-cras","status":"publish","type":"post","link":"https:\/\/todoapulmon-rafaela.com\/index.php\/2024\/10\/15\/campeonato-provincial-u16-con-clasificaciones-para-cras\/","title":{"rendered":"Campeonato Provincial U16 con clasificaciones al Nacional para CRAS"},"content":{"rendered":"<p>El viernes se realiz\u00f3 en la pista \u00abJorge Newbery\u00bb de Rosario el Campeonato Provincial U16 de atletismo, evaluativo para el campeonato Nacional de la categor\u00eda que se realizar\u00e1 el pr\u00f3ximo fin de semana en Santa Rosa, La Pampa.<\/p>\n<p>Estuvieron presentes atletas del CRAS de nuestra ciudad, con los grupos de los entrenadores Leandro Bonamino y Ariel Magallanes &#8211; Roc\u00edo Donnet, logrando meritorias performances.<\/p>\n<p>Este es el detalle de los principales resultados:<\/p>\n<p><strong>VARONES<\/strong><\/p>\n<p><strong>80 metros llanos:<\/strong> 3) Juli\u00e1n Cavilmonte con 9s 81.<\/p>\n<p><strong>110 metros con vallas:<\/strong> 2) Valent\u00edn Alfonso con 17s 95.<\/p>\n<p><strong>Salto en largo:<\/strong> 3) Valent\u00edn Alfonso con 5m 21.<\/p>\n<p><strong>Salto triple:<\/strong> 2) Valent\u00edn Alfonso con 10m 53.<\/p>\n<p><strong>MUJERES<\/strong><\/p>\n<p><strong>80 metros llanos:<\/strong> 3) Josefina Guti\u00e9rrez con 10s 78.<\/p>\n<p><img loading=\"lazy\" decoding=\"async\" class=\"alignnone size-full wp-image-52091\" src=\"https:\/\/todoapulmon-rafaela.com\/wp-content\/uploads\/2024\/10\/IMG-20241014-WA0032-scaled.jpg\" alt=\"\" width=\"1920\" height=\"2560\" srcset=\"https:\/\/todoapulmon-rafaela.com\/wp-content\/uploads\/2024\/10\/IMG-20241014-WA0032-scaled.jpg 1920w, https:\/\/todoapulmon-rafaela.com\/wp-content\/uploads\/2024\/10\/IMG-20241014-WA0032-225x300.jpg 225w, https:\/\/todoapulmon-rafaela.com\/wp-content\/uploads\/2024\/10\/IMG-20241014-WA0032-1125x1500.jpg 1125w, https:\/\/todoapulmon-rafaela.com\/wp-content\/uploads\/2024\/10\/IMG-20241014-WA0032-1152x1536.jpg 1152w, https:\/\/todoapulmon-rafaela.com\/wp-content\/uploads\/2024\/10\/IMG-20241014-WA0032-1536x2048.jpg 1536w\" sizes=\"(max-width: 1920px) 100vw, 1920px\" \/><\/p>\n<p><strong>Salto en alto:<\/strong> 3) Isabella Grosso con 1m 25.<\/p>\n<p><strong>Lanzamiento del martillo:<\/strong> 1) Juana Meyer con 26m 92.<\/p>\n<p><strong>Lanzamiento de la bala:<\/strong> 2) Juana Meyer con 6m 26.<\/p>\n<p><strong>Lanzamiento del disco:<\/strong> 3) Isabella Grosso con 21m 14 y 4) Juana Meyer.<\/p>\n<p><strong>Marcha 2km:<\/strong> 1) Milagros Kuriger en 11m 02s 10.<\/p>\n<p>Luego de analizadas estas performances por el cuerpo t\u00e9cnico provincial, quedaron incluidas en el equipo santafesino para el nacional las atletas Milagros Kuriger y Josefina Guti\u00e9rrrez.<\/p>\n<p>Fuera de torneo, en la categor\u00eda M18, Santiago Daperno fue segundo en 100 metros con 11s 44, y segundo en 400 metros con 54s 18.<\/p>\n<p>Valentina Okon segunda en 100 metros llanos con 13s 08.<\/p>\n","protected":false},"excerpt":{"rendered":"<p>El viernes se realiz\u00f3 en la pista \u00abJorge Newbery\u00bb de Rosario el Campeonato Provincial U16 de atletismo, evaluativo para el<\/p>\n","protected":false},"author":2,"featured_media":52089,"comment_status":"closed","ping_status":"closed","sticky":false,"template":"","format":"standard","meta":{"footnotes":""},"categories":[7,24],"tags":[],"class_list":["post-52032","post","type-post","status-publish","format-standard","has-post-thumbnail","hentry","category-atletismo","category-noticias-destacadas"],"cc_featured_image_caption":{"caption_text":"","source_text":"","source_url":""},"_links":{"self":[{"href":"https:\/\/todoapulmon-rafaela.com\/index.php\/wp-json\/wp\/v2\/posts\/52032"}],"collection":[{"href":"https:\/\/todoapulmon-rafaela.com\/index.php\/wp-json\/wp\/v2\/posts"}],"about":[{"href":"https:\/\/todoapulmon-rafaela.com\/index.php\/wp-json\/wp\/v2\/types\/post"}],"author":[{"embeddable":true,"href":"https:\/\/todoapulmon-rafaela.com\/index.php\/wp-json\/wp\/v2\/users\/2"}],"replies":[{"embeddable":true,"href":"https:\/\/todoapulmon-rafaela.com\/index.php\/wp-json\/wp\/v2\/comments?post=52032"}],"version-history":[{"count":4,"href":"https:\/\/todoapulmon-rafaela.com\/index.php\/wp-json\/wp\/v2\/posts\/52032\/revisions"}],"predecessor-version":[{"id":52093,"href":"https:\/\/todoapulmon-rafaela.com\/index.php\/wp-json\/wp\/v2\/posts\/52032\/revisions\/52093"}],"wp:featuredmedia":[{"embeddable":true,"href":"https:\/\/todoapulmon-rafaela.com\/index.php\/wp-json\/wp\/v2\/media\/52089"}],"wp:attachment":[{"href":"https:\/\/todoapulmon-rafaela.com\/index.php\/wp-json\/wp\/v2\/media?parent=52032"}],"wp:term":[{"taxonomy":"category","embeddable":true,"href":"https:\/\/todoapulmon-rafaela.com\/index.php\/wp-json\/wp\/v2\/categories?post=52032"},{"taxonomy":"post_tag","embeddable":true,"href":"https:\/\/todoapulmon-rafaela.com\/index.php\/wp-json\/wp\/v2\/tags?post=52032"}],"curies":[{"name":"wp","href":"https:\/\/api.w.org\/{rel}","templated":true}]}}