{"id":51938,"date":"2024-10-08T15:38:52","date_gmt":"2024-10-08T15:38:52","guid":{"rendered":"https:\/\/todoapulmon-rafaela.com\/?p=51938"},"modified":"2024-10-08T15:45:13","modified_gmt":"2024-10-08T15:45:13","slug":"una-noche-especial-para-atenas-y-marconetti-pese-a-la-derrota","status":"publish","type":"post","link":"https:\/\/todoapulmon-rafaela.com\/index.php\/2024\/10\/08\/una-noche-especial-para-atenas-y-marconetti-pese-a-la-derrota\/","title":{"rendered":"Una noche especial para Atenas y Marconetti, pese a la derrota"},"content":{"rendered":"<p>La noche del 7 de octubre quedar\u00e1 para el recuerdo porque m\u00e1s all\u00e1 del resultado en la apertura de la Liga Nacional de B\u00e1squetbol 2024\/25, Atenas plasm\u00f3 su regreso a la m\u00e1xima categor\u00eda del b\u00e1squet argentino y en su propia casa. El sue\u00f1o del estadio propio se hizo realidad oficialmente frente a Boca Juniors, \u00faltimo campe\u00f3n de la m\u00e1xima categor\u00eda, que se impuso por 81 a 69.<\/p>\n<p>Tambi\u00e9n ser\u00e1 recordada por el juvenil Santiago Marconetti. Si bien el rafaelino no tuvo minutos, fue parte del equipo con el n\u00famero 17 en el partido tan importante para el club cordob\u00e9s, apenas a un par de meses de sumarse a su nuevo club procedente de 9 de Julio de nuestra ciudad.<\/p>\n<p><img loading=\"lazy\" decoding=\"async\" class=\"alignnone size-full wp-image-51944\" src=\"https:\/\/todoapulmon-rafaela.com\/wp-content\/uploads\/2024\/10\/Marconetti.jpg\" alt=\"\" width=\"720\" height=\"1178\" srcset=\"https:\/\/todoapulmon-rafaela.com\/wp-content\/uploads\/2024\/10\/Marconetti.jpg 720w, https:\/\/todoapulmon-rafaela.com\/wp-content\/uploads\/2024\/10\/Marconetti-183x300.jpg 183w\" sizes=\"(max-width: 720px) 100vw, 720px\" \/><\/p>\n<p>El goleador del juego fue Juan Cruz Oberto con 18 puntos, mientras que en la visita se destacaron Jos\u00e9 Vildoza y Marcos Del\u00eda con 15 unidades.<\/p>\n<p>Cabe aclarar que Atenas no cont\u00f3 con la presencia del base Nicol\u00e1s Zurschmitten con problemas en una de sus rodillas, y el p\u00edvot espa\u00f1ol Antoni Vicens. El pr\u00f3ximo compromiso de los Griegos ser\u00e1 el 21 de octubre frente a Instituto, del rafaelino Roberto Acu\u00f1a.<\/p>\n<p>En las horas previas se jug\u00f3 el encuentro por la Liga de Desarrollo, donde gan\u00f3 tambi\u00e9n Boca por 100 a 63. Marconetti estuvo 22 minutos en cancha y anot\u00f3 7 puntos.<\/p>\n","protected":false},"excerpt":{"rendered":"<p>La noche del 7 de octubre quedar\u00e1 para el recuerdo porque m\u00e1s all\u00e1 del resultado en la apertura de la<\/p>\n","protected":false},"author":2,"featured_media":51948,"comment_status":"closed","ping_status":"closed","sticky":false,"template":"","format":"standard","meta":{"footnotes":""},"categories":[5],"tags":[],"class_list":["post-51938","post","type-post","status-publish","format-standard","has-post-thumbnail","hentry","category-basquet"],"cc_featured_image_caption":{"caption_text":"","source_text":"","source_url":""},"_links":{"self":[{"href":"https:\/\/todoapulmon-rafaela.com\/index.php\/wp-json\/wp\/v2\/posts\/51938"}],"collection":[{"href":"https:\/\/todoapulmon-rafaela.com\/index.php\/wp-json\/wp\/v2\/posts"}],"about":[{"href":"https:\/\/todoapulmon-rafaela.com\/index.php\/wp-json\/wp\/v2\/types\/post"}],"author":[{"embeddable":true,"href":"https:\/\/todoapulmon-rafaela.com\/index.php\/wp-json\/wp\/v2\/users\/2"}],"replies":[{"embeddable":true,"href":"https:\/\/todoapulmon-rafaela.com\/index.php\/wp-json\/wp\/v2\/comments?post=51938"}],"version-history":[{"count":5,"href":"https:\/\/todoapulmon-rafaela.com\/index.php\/wp-json\/wp\/v2\/posts\/51938\/revisions"}],"predecessor-version":[{"id":51947,"href":"https:\/\/todoapulmon-rafaela.com\/index.php\/wp-json\/wp\/v2\/posts\/51938\/revisions\/51947"}],"wp:featuredmedia":[{"embeddable":true,"href":"https:\/\/todoapulmon-rafaela.com\/index.php\/wp-json\/wp\/v2\/media\/51948"}],"wp:attachment":[{"href":"https:\/\/todoapulmon-rafaela.com\/index.php\/wp-json\/wp\/v2\/media?parent=51938"}],"wp:term":[{"taxonomy":"category","embeddable":true,"href":"https:\/\/todoapulmon-rafaela.com\/index.php\/wp-json\/wp\/v2\/categories?post=51938"},{"taxonomy":"post_tag","embeddable":true,"href":"https:\/\/todoapulmon-rafaela.com\/index.php\/wp-json\/wp\/v2\/tags?post=51938"}],"curies":[{"name":"wp","href":"https:\/\/api.w.org\/{rel}","templated":true}]}}