{"id":51784,"date":"2024-10-03T13:09:14","date_gmt":"2024-10-03T13:09:14","guid":{"rendered":"https:\/\/todoapulmon-rafaela.com\/?p=51784"},"modified":"2024-10-03T13:09:14","modified_gmt":"2024-10-03T13:09:14","slug":"almagro-realizo-un-torneo-regional-de-karate-con-buenos-resultados","status":"publish","type":"post","link":"https:\/\/todoapulmon-rafaela.com\/index.php\/2024\/10\/03\/almagro-realizo-un-torneo-regional-de-karate-con-buenos-resultados\/","title":{"rendered":"Almagro realiz\u00f3 un torneo Regional de Karate con buenos resultados"},"content":{"rendered":"<p>El domingo 29 de septiembre se realiz\u00f3 en instalaciones del Club Atl\u00e9tico Almagro de Rafaela un torneo Regional de Karate Do con la asistencia de Dojos de Sunchales, Brinkmann, Villa Trinidad, Suardi y Rafaela.<br \/>\nEn representaci\u00f3n del Dojo Almagro, estos fueron los resultados de sus representantes:<br \/>\n<strong>Ulises Avalos:<\/strong> 1\u00b0 en Kata y 3\u00b0 en Kumite.<br \/>\n<strong>Basti\u00e1n Oggero:<\/strong> 2\u00b0 en Kata y 2\u00b0 en Kumite.<br \/>\n<strong>Tom\u00e1s Macagno:<\/strong> 1\u00b0 en Kata y 1\u00b0 en Kumite.<br \/>\n<strong>Bautista Vignola:<\/strong> 2\u00b0 en Kumite.<br \/>\n<strong>Dominic Avalos:<\/strong> 3\u00b0 en Kata y 3\u00b0 en Kumite.<br \/>\n<strong>M\u00e9rida Godoy:<\/strong> 3\u00b0 en Kata y 3\u00b0 en Kumite.<br \/>\n<strong>Genaro Viotti:<\/strong> 2\u00b0 en Kata y 2 en Kumite.<br \/>\n<strong>Axel Navarro:<\/strong> 1\u00b0 en Kata y 1\u00b0 en Kumite.<br \/>\n<strong>Valentina Su\u00e1rez:<\/strong> 2\u00b0 en Kata y 2\u00b0 en Kumite.<br \/>\n<strong>Tiziano Oesquer:<\/strong> 2\u00b0 Kumite y 3\u00b0 Kumite Juveniles Open.<br \/>\n<strong>Mateo Moncada:<\/strong> 1\u00b0 en Kata, 1\u00b0 en Kumite y 1\u00b0 en Kumite Juveniles Open.<br \/>\n<strong>Ezequiel Scarafia:<\/strong> 2\u00b0 en Kata, 3\u00b0 en Kumite y 2\u00b0 en Kumite Mayores Open.<br \/>\n<strong>Mart\u00edn Gilli:<\/strong> 3\u00b0 en Kata Danes.<br \/>\n<strong>Avalos, Vignola, Viotti:<\/strong> 2\u00b0 en Kata Equipos.<br \/>\n<strong>Mateo Moncada:<\/strong> Esp\u00edritu Samurai.<\/p>\n<p>El profesor Carlos Abelda\u00f1o expres\u00f3 sus felicitaciones a todos por el excelente desempe\u00f1o realizado durante la competencia y un agradecimiento a la Comisi\u00f3n Directiva del Club Almagro por el apoyo.<\/p>\n","protected":false},"excerpt":{"rendered":"<p>El domingo 29 de septiembre se realiz\u00f3 en instalaciones del Club Atl\u00e9tico Almagro de Rafaela un torneo Regional de Karate<\/p>\n","protected":false},"author":2,"featured_media":51785,"comment_status":"closed","ping_status":"closed","sticky":false,"template":"","format":"standard","meta":{"footnotes":""},"categories":[18,24],"tags":[],"class_list":["post-51784","post","type-post","status-publish","format-standard","has-post-thumbnail","hentry","category-artes-marciales","category-noticias-destacadas"],"cc_featured_image_caption":{"caption_text":"","source_text":"","source_url":""},"_links":{"self":[{"href":"https:\/\/todoapulmon-rafaela.com\/index.php\/wp-json\/wp\/v2\/posts\/51784"}],"collection":[{"href":"https:\/\/todoapulmon-rafaela.com\/index.php\/wp-json\/wp\/v2\/posts"}],"about":[{"href":"https:\/\/todoapulmon-rafaela.com\/index.php\/wp-json\/wp\/v2\/types\/post"}],"author":[{"embeddable":true,"href":"https:\/\/todoapulmon-rafaela.com\/index.php\/wp-json\/wp\/v2\/users\/2"}],"replies":[{"embeddable":true,"href":"https:\/\/todoapulmon-rafaela.com\/index.php\/wp-json\/wp\/v2\/comments?post=51784"}],"version-history":[{"count":1,"href":"https:\/\/todoapulmon-rafaela.com\/index.php\/wp-json\/wp\/v2\/posts\/51784\/revisions"}],"predecessor-version":[{"id":51786,"href":"https:\/\/todoapulmon-rafaela.com\/index.php\/wp-json\/wp\/v2\/posts\/51784\/revisions\/51786"}],"wp:featuredmedia":[{"embeddable":true,"href":"https:\/\/todoapulmon-rafaela.com\/index.php\/wp-json\/wp\/v2\/media\/51785"}],"wp:attachment":[{"href":"https:\/\/todoapulmon-rafaela.com\/index.php\/wp-json\/wp\/v2\/media?parent=51784"}],"wp:term":[{"taxonomy":"category","embeddable":true,"href":"https:\/\/todoapulmon-rafaela.com\/index.php\/wp-json\/wp\/v2\/categories?post=51784"},{"taxonomy":"post_tag","embeddable":true,"href":"https:\/\/todoapulmon-rafaela.com\/index.php\/wp-json\/wp\/v2\/tags?post=51784"}],"curies":[{"name":"wp","href":"https:\/\/api.w.org\/{rel}","templated":true}]}}