{"id":51749,"date":"2024-10-01T11:27:19","date_gmt":"2024-10-01T11:27:19","guid":{"rendered":"https:\/\/todoapulmon-rafaela.com\/?p=51749"},"modified":"2024-10-01T11:27:19","modified_gmt":"2024-10-01T11:27:19","slug":"se-realizara-el-nacional-de-carreras-de-ruta","status":"publish","type":"post","link":"https:\/\/todoapulmon-rafaela.com\/index.php\/2024\/10\/01\/se-realizara-el-nacional-de-carreras-de-ruta\/","title":{"rendered":"Se realizar\u00e1 el Nacional de carreras de ruta"},"content":{"rendered":"<p>Luego del suceso de los 21k de Buenos Aires y Marat\u00f3n de la Ciudad, la actividad de la Asociaci\u00f3n \u00d1and\u00fa continuar\u00e1 el domingo 27 de octubre con una nueva edici\u00f3n del<strong>\u00a010k de San Isidro-Puma.<\/strong><\/p>\n<p>Se largar\u00e1 a las 8.00 en la Avenida Unidad Nacional y Santa Fe de ese distrito bonaerense y contar\u00e1 con el auspicio de la Municipalidad de San Isidro. Se utilizar\u00e1 el mismo circuito de la temporada anterior, que cuenta con la medici\u00f3n y certificaci\u00f3n de World Athletics.<\/p>\n<p><strong>La prueba vuelve a incluir el Campeonato Nacional de Carreras de Ruta de la CADA y<\/strong>\u00a0contar\u00e1 con la fiscalizaci\u00f3n de los jueces de la FAM.<\/p>\n<p>Adem\u00e1s de la prueba central de 10 km abierta a todas las categor\u00edas (convencional, silla de ruedas, disminuidos visuales B-1 y B-2\/3, junto a Atletismo Asistido y otras discapacidades) habr\u00e1 una prueba participativa de\u00a0<strong>5 km.<\/strong><\/p>\n<p><strong>El 10k de San Isidro constituye desde 2018 el Campeonato Nacional de Carreras de Ruta<\/strong>\u00a0y desde entonces ha recibido a los mejores fondistas del pa\u00eds y, como invitados, a figuras internacionales. En 2021, la ganadora de damas Florencia Borelli \u2013reciente maratonista ol\u00edmpica- gan\u00f3 su categor\u00eda con 32:38, que constituy\u00f3 en ese momento el r\u00e9cord argentino y que permanece como r\u00e9cord del circuito de San Isidro (en hombres, dicho r\u00e9cord corresponde al et\u00edope Mitiku\u00a0 Ayele, ganador del 2022 con 28:40). En la pasada temporada, los vencedores del 10k de San Isidro fueron Joaqu\u00edn Arbe y Jhocelyn Camargo, de Bolivia.<\/p>\n","protected":false},"excerpt":{"rendered":"<p>Luego del suceso de los 21k de Buenos Aires y Marat\u00f3n de la Ciudad, la actividad de la Asociaci\u00f3n \u00d1and\u00fa<\/p>\n","protected":false},"author":2,"featured_media":51750,"comment_status":"closed","ping_status":"closed","sticky":false,"template":"","format":"standard","meta":{"footnotes":""},"categories":[7],"tags":[],"class_list":["post-51749","post","type-post","status-publish","format-standard","has-post-thumbnail","hentry","category-atletismo"],"cc_featured_image_caption":{"caption_text":"FOTO CADA","source_text":"","source_url":""},"_links":{"self":[{"href":"https:\/\/todoapulmon-rafaela.com\/index.php\/wp-json\/wp\/v2\/posts\/51749"}],"collection":[{"href":"https:\/\/todoapulmon-rafaela.com\/index.php\/wp-json\/wp\/v2\/posts"}],"about":[{"href":"https:\/\/todoapulmon-rafaela.com\/index.php\/wp-json\/wp\/v2\/types\/post"}],"author":[{"embeddable":true,"href":"https:\/\/todoapulmon-rafaela.com\/index.php\/wp-json\/wp\/v2\/users\/2"}],"replies":[{"embeddable":true,"href":"https:\/\/todoapulmon-rafaela.com\/index.php\/wp-json\/wp\/v2\/comments?post=51749"}],"version-history":[{"count":1,"href":"https:\/\/todoapulmon-rafaela.com\/index.php\/wp-json\/wp\/v2\/posts\/51749\/revisions"}],"predecessor-version":[{"id":51751,"href":"https:\/\/todoapulmon-rafaela.com\/index.php\/wp-json\/wp\/v2\/posts\/51749\/revisions\/51751"}],"wp:featuredmedia":[{"embeddable":true,"href":"https:\/\/todoapulmon-rafaela.com\/index.php\/wp-json\/wp\/v2\/media\/51750"}],"wp:attachment":[{"href":"https:\/\/todoapulmon-rafaela.com\/index.php\/wp-json\/wp\/v2\/media?parent=51749"}],"wp:term":[{"taxonomy":"category","embeddable":true,"href":"https:\/\/todoapulmon-rafaela.com\/index.php\/wp-json\/wp\/v2\/categories?post=51749"},{"taxonomy":"post_tag","embeddable":true,"href":"https:\/\/todoapulmon-rafaela.com\/index.php\/wp-json\/wp\/v2\/tags?post=51749"}],"curies":[{"name":"wp","href":"https:\/\/api.w.org\/{rel}","templated":true}]}}